{"id":35591,"date":"2021-02-05T06:00:41","date_gmt":"2021-02-05T09:00:41","guid":{"rendered":"https:\/\/www.radioamigavallenar.cl\/?p=35591"},"modified":"2021-02-04T20:48:55","modified_gmt":"2021-02-04T23:48:55","slug":"plan-de-vacunacion-este-viernes-es-el-turno-de-los-adultos-mayores-entre-86-y-85-anos-en-atacama","status":"publish","type":"post","link":"https:\/\/www.radioamigavallenar.cl\/?p=35591","title":{"rendered":"Plan de vacunaci\u00f3n: este viernes es el turno de los adultos mayores entre 86 y 85 a\u00f1os en Atacama"},"content":{"rendered":"<p>Desde las 09:00 horas de este viernes inicia la tercera jornada del proceso de vacunaci\u00f3n contra el COVID-19 para los adultos mayores y grupos de riesgo en todo el pa\u00eds. En esta oportunidad se priorizar\u00e1 a las personas entre 86 y 85 a\u00f1os y otros funcionarios de la salud.<\/p>\n<p>De acuerdo al calendario de vacunaci\u00f3n publicado por el Gobierno, en una primera etapa, que se extiende hasta el viernes 12, cada d\u00eda se vacunar\u00e1 a un grupo espec\u00edfico de la poblaci\u00f3n con la finalidad de no generar aglomeraciones en los recintos destinados para inocular a las personas y evitar eventuales focos de contagios. Las autoridades de Gobierno han insistido en que recibir la vacuna contra el COVID-19 es voluntario y gratuito.<\/p>\n<p>Este jueves, desde la comuna de Cha\u00f1aral, el Intendente (s), Ignacio Urcull\u00fa, se\u00f1al\u00f3 que \u201cEsta vacunaci\u00f3n masiva continuar\u00e1 hasta que todos y cada uno de nuestros adultos mayores tengan la oportunidad de vacunarse y protegerse de esta pandemia. Hemos vivido unas jornadas in\u00e9ditas y el balance es positivo. Las vacunas salvan vidas y el Gobierno se ha preparado y ha trabajado de la mano con los municipios para llevar adelante esta operaci\u00f3n en nuestro pa\u00eds. Es el momento de trabajar unidos, dejar atr\u00e1s diferencias y dar lo mejor de cada uno de nosotros. El proceso no estar\u00e1 exento de problemas. Vacunar a 5 millones de personas en el primer trimestre implica una tarea log\u00edstica y de trabajo en equipo fundamental. Por eso los alcaldes y la atenci\u00f3n primaria de salud son fundamentales en esto\u201d.<\/p>\n<p>Asimismo, Urcull\u00fa dijo que \u201ceste es un primer paso muy importante para derrotar al coronavirus. Se han hecho todos los esfuerzos por garantizar una cantidad importante de vacunas y para entregarlas de forma gratuita a todos los chilenos\u201d.<\/p>\n<p>En tanto, el Director del Servicio de Salud, Claudio Baeza, dijo que \u201cestamos muy contentos debido a c\u00f3mo los adultos mayores se han acercado a los puntos de vacunaci\u00f3n que se han dispuesto. Por ejemplo, en la Provincia del Huasco la informaci\u00f3n que tenemos hasta las 14:00 horas indica que 2.009 personas se hab\u00edan acercado ya a cada uno de los puntos de vacunaci\u00f3n que tenemos en cada una de las comunas. 76 personas en la comuna de Alto de Carmen, 125 en la comuna de Freirina, 116 en la comuna de Huasco y 1.692 en la comuna de Vallenar\u201d.<\/p>\n<p style=\"text-align: center;\"><strong>Gobierno anuncia cuarentena para la comuna de Copiap\u00f3<\/strong><\/p>\n<p>El Ministerio de Salud confirm\u00f3 este jueves que a partir del d\u00eda s\u00e1bado a las 05 am la comuna de Copiap\u00f3 retrocede a la fase 1 de cuarentena. Al respecto, el Intendente (s) Urcull\u00fa manifest\u00f3 \u201cla cuarentena significa que est\u00e1 prohibida la libre circulaci\u00f3n de las personas por todo el territorio de la comuna. Se ha restringido la movilidad de las personas a partir de este s\u00e1bado 06 de febrero. Las personas que puedan realizar alg\u00fan tipo de actividad que corresponda a las denominadas actividades fundamentales, o alg\u00fan tipo de actividad indispensable para su vida, lo deben realizar con el permiso respectivo concebido por la autoridad de la zona. Necesitamos el mayor compromiso de la comunidad para que esto signifique una oportunidad de dar un paso adelante ojal\u00e1 en el Plan Paso a Paso para obtener el levantamiento gradual de estas restricciones que son tan dif\u00edciles de sostener en el tiempo\u201d.<\/p>\n","protected":false},"excerpt":{"rendered":"<p>Desde las 09:00 horas de este viernes inicia la tercera jornada del proceso de vacunaci\u00f3n contra el COVID-19 para los adultos mayores y grupos de&hellip; <\/p>\n","protected":false},"author":2,"featured_media":35592,"comment_status":"open","ping_status":"closed","sticky":false,"template":"","format":"standard","meta":{"footnotes":""},"categories":[7],"tags":[],"class_list":["post-35591","post","type-post","status-publish","format-standard","has-post-thumbnail","hentry","category-atacama"],"_links":{"self":[{"href":"https:\/\/www.radioamigavallenar.cl\/index.php?rest_route=\/wp\/v2\/posts\/35591","targetHints":{"allow":["GET"]}}],"collection":[{"href":"https:\/\/www.radioamigavallenar.cl\/index.php?rest_route=\/wp\/v2\/posts"}],"about":[{"href":"https:\/\/www.radioamigavallenar.cl\/index.php?rest_route=\/wp\/v2\/types\/post"}],"author":[{"embeddable":true,"href":"https:\/\/www.radioamigavallenar.cl\/index.php?rest_route=\/wp\/v2\/users\/2"}],"replies":[{"embeddable":true,"href":"https:\/\/www.radioamigavallenar.cl\/index.php?rest_route=%2Fwp%2Fv2%2Fcomments&post=35591"}],"version-history":[{"count":1,"href":"https:\/\/www.radioamigavallenar.cl\/index.php?rest_route=\/wp\/v2\/posts\/35591\/revisions"}],"predecessor-version":[{"id":35593,"href":"https:\/\/www.radioamigavallenar.cl\/index.php?rest_route=\/wp\/v2\/posts\/35591\/revisions\/35593"}],"wp:featuredmedia":[{"embeddable":true,"href":"https:\/\/www.radioamigavallenar.cl\/index.php?rest_route=\/wp\/v2\/media\/35592"}],"wp:attachment":[{"href":"https:\/\/www.radioamigavallenar.cl\/index.php?rest_route=%2Fwp%2Fv2%2Fmedia&parent=35591"}],"wp:term":[{"taxonomy":"category","embeddable":true,"href":"https:\/\/www.radioamigavallenar.cl\/index.php?rest_route=%2Fwp%2Fv2%2Fcategories&post=35591"},{"taxonomy":"post_tag","embeddable":true,"href":"https:\/\/www.radioamigavallenar.cl\/index.php?rest_route=%2Fwp%2Fv2%2Ftags&post=35591"}],"curies":[{"name":"wp","href":"https:\/\/api.w.org\/{rel}","templated":true}]}}