{"id":35588,"date":"2021-02-04T07:18:59","date_gmt":"2021-02-04T10:18:59","guid":{"rendered":"https:\/\/www.radioamigavallenar.cl\/?p=35588"},"modified":"2021-02-04T12:19:52","modified_gmt":"2021-02-04T15:19:52","slug":"dia-de-fiesta-se-vivio-con-gran-devocion-en-el-santuario-de-la-candelaria-de-copiapo","status":"publish","type":"post","link":"https:\/\/www.radioamigavallenar.cl\/?p=35588","title":{"rendered":"D\u00eda de fiesta se vivi\u00f3 con gran devoci\u00f3n en el Santuario de La Candelaria de Copiap\u00f3"},"content":{"rendered":"<p><strong>Monse\u00f1or Ricardo Morales presidi\u00f3 las celebraciones, que comenzaron en la ma\u00f1ana con la bendici\u00f3n de los ni\u00f1os.<\/strong><\/p>\n<p>En la homil\u00eda de la misa, el Obispo destac\u00f3 tres aspectos del evangelio. Primero, la figura del anciano Sime\u00f3n, \u201cEs un hombre que espera, -dijo- esperar nos permite mirar la vida con otra \u00f3ptica; esperar cosas grandes y luchas por ellas\u201d. Tambi\u00e9n destac\u00f3 que Sime\u00f3n \u201cestaba preparado para morir\u201d y pregunt\u00f3: \u201cSi el Se\u00f1or nos llamara hoy, \u00bfpodr\u00edamos decirle: \u2018puedes dejar que tu siervo muera en paz\u2019 O le dir\u00edamos: \u2018no, todav\u00eda no\u2019? Y en tercer lugar, menciona a Ana, que \u201cempieza a hablar de Jes\u00fas despu\u00e9s que lo reconoce. Nosotros, \u00bfhablamos de Jes\u00fas, conversamos sobre \u00e9l?\u201d<\/p>\n<p>Por su parte, la novena se centr\u00f3 en la solidaridad. Don Ricardo hizo un recorrido por los principales puntos de la Doctrina Social de la Iglesia, que ha utilizado diversos conceptos para referirse a lo mismo. El obispo record\u00f3 que \u201cLe\u00f3n XIII hablaba de amistad; Pio XI de caridad social; Pablo VI, de civilizaci\u00f3n del amor; y San Juan Pablo II, de solidaridad en el mismo sentido que hoy usa el Papa Francisco\u201d. Dijo que Jes\u00fas \u201caparece como el hombre nuevo, solidario con la humanidad hasta la muerte ene cruz\u201d. Llam\u00f3 a construir estructuras de solidaridad, \u201cno solo un evento en el a\u00f1o, sino permanente y constante\u201d.<\/p>\n<p style=\"text-align: center;\"><strong>Bendici\u00f3n de los ni\u00f1os fue virtual<\/strong><\/p>\n<p>\u201cNo hay cosa m\u00e1s linda que tener a Jes\u00fas y a la Virgen en el coraz\u00f3n\u201d. As\u00ed inici\u00f3 su mensaje Mons. Ricardo Morales, en la bendici\u00f3n virtual a las ni\u00f1as y ni\u00f1os, en el Santuario de La Candelaria de Copiap\u00f3.<\/p>\n<p>Al dirigirse a los m\u00e1s peque\u00f1os, a trav\u00e9s de la transmisi\u00f3n, don Ricardo les dijo que supieran que no estaban solos. \u201cCuando somos adultos, parece que se nos olvida, pero los ni\u00f1os saben que pueden confiar siempre en su Madre del cielo, que nunca estar\u00e1n solos, tienen a la Virgen y a Jes\u00fas\u201d. Explic\u00f3 que ser como ni\u00f1os \u201csignifica confianza total, no tener miedo a caerse, porque tenemos una Madre y un Padre que nos levanta, con un amor incondicional, nos abraza como somos. Y nuestra Madre del cielo nos dice hoy, especialmente a cada ni\u00f1a y ni\u00f1o: Aqu\u00ed estoy, para estar contigo, no te dejar\u00e9 solo\u201d.<\/p>\n","protected":false},"excerpt":{"rendered":"<p>Monse\u00f1or Ricardo Morales presidi\u00f3 las celebraciones, que comenzaron en la ma\u00f1ana con la bendici\u00f3n de los ni\u00f1os. En la homil\u00eda de la misa, el Obispo&hellip; <\/p>\n","protected":false},"author":2,"featured_media":35589,"comment_status":"open","ping_status":"closed","sticky":false,"template":"","format":"standard","meta":{"footnotes":""},"categories":[38],"tags":[],"class_list":["post-35588","post","type-post","status-publish","format-standard","has-post-thumbnail","hentry","category-portada-regional"],"_links":{"self":[{"href":"https:\/\/www.radioamigavallenar.cl\/index.php?rest_route=\/wp\/v2\/posts\/35588","targetHints":{"allow":["GET"]}}],"collection":[{"href":"https:\/\/www.radioamigavallenar.cl\/index.php?rest_route=\/wp\/v2\/posts"}],"about":[{"href":"https:\/\/www.radioamigavallenar.cl\/index.php?rest_route=\/wp\/v2\/types\/post"}],"author":[{"embeddable":true,"href":"https:\/\/www.radioamigavallenar.cl\/index.php?rest_route=\/wp\/v2\/users\/2"}],"replies":[{"embeddable":true,"href":"https:\/\/www.radioamigavallenar.cl\/index.php?rest_route=%2Fwp%2Fv2%2Fcomments&post=35588"}],"version-history":[{"count":1,"href":"https:\/\/www.radioamigavallenar.cl\/index.php?rest_route=\/wp\/v2\/posts\/35588\/revisions"}],"predecessor-version":[{"id":35590,"href":"https:\/\/www.radioamigavallenar.cl\/index.php?rest_route=\/wp\/v2\/posts\/35588\/revisions\/35590"}],"wp:featuredmedia":[{"embeddable":true,"href":"https:\/\/www.radioamigavallenar.cl\/index.php?rest_route=\/wp\/v2\/media\/35589"}],"wp:attachment":[{"href":"https:\/\/www.radioamigavallenar.cl\/index.php?rest_route=%2Fwp%2Fv2%2Fmedia&parent=35588"}],"wp:term":[{"taxonomy":"category","embeddable":true,"href":"https:\/\/www.radioamigavallenar.cl\/index.php?rest_route=%2Fwp%2Fv2%2Fcategories&post=35588"},{"taxonomy":"post_tag","embeddable":true,"href":"https:\/\/www.radioamigavallenar.cl\/index.php?rest_route=%2Fwp%2Fv2%2Ftags&post=35588"}],"curies":[{"name":"wp","href":"https:\/\/api.w.org\/{rel}","templated":true}]}}