{"id":35586,"date":"2021-02-04T11:00:45","date_gmt":"2021-02-04T14:00:45","guid":{"rendered":"https:\/\/www.radioamigavallenar.cl\/?p=35586"},"modified":"2021-02-04T11:39:09","modified_gmt":"2021-02-04T14:39:09","slug":"el-dolar-sube-otra-vez-en-chile-y-llega-a-maximos-de-dos-meses-frente-al-euro","status":"publish","type":"post","link":"https:\/\/www.radioamigavallenar.cl\/?p=35586","title":{"rendered":"El d\u00f3lar sube otra vez en Chile y llega a m\u00e1ximos de dos meses frente al euro"},"content":{"rendered":"<p>El dollar Index que mide a la divisa estadounidense frente a una canasta de seis monedas l\u00edquidas, experimenta un alza de 0,29% y alcanza los 91,43 puntos.<\/p>\n<p class=\"paragraph  \">El d\u00f3lar extiende su escalada en el mundo. La divisa alcanza su nivel m\u00e1s alto desde principios de enero pasado y llega a m\u00e1ximos en dos meses frente al euro, en medio de un menor apetito de riesgo en las bolsas y buenas cifras \u201cmacro\u201d en EEUU.<\/p>\n<p class=\"paragraph  \">El dollar Index que mide a la divisa estadounidense frente a una canasta de seis monedas l\u00edquidas, experimenta un alza de 0,29% y alcanza los 91,43 puntos.<\/p>\n<p class=\"paragraph  \">A nivel local, el d\u00f3lar\u00a0<b>se cotiza en $ 735,01 vendedor, lo que representa un aumento leve de $ 1,82\u00a0<\/b>frente a la sesi\u00f3n de ayer, aunque el segundo salto consecutivo.<\/p>\n<p class=\"paragraph  \">\u201cLa moneda norteamericana ha mostrado un mayor avance, en medio de favorables expectativas con respecto a la situaci\u00f3n econ\u00f3mica en Estados Unidos, aunque las cifras de empleo que se conocer\u00e1n este viernes en la principal econom\u00eda del mundo ser\u00edan claves para el rendimiento de su moneda en el corto plazo\u201d; dijo Ricardo Bustamante, Jefe de Estudios Trading de Capitaria<\/p>\n","protected":false},"excerpt":{"rendered":"<p>El dollar Index que mide a la divisa estadounidense frente a una canasta de seis monedas l\u00edquidas, experimenta un alza de 0,29% y alcanza los&hellip; <\/p>\n","protected":false},"author":2,"featured_media":33029,"comment_status":"open","ping_status":"closed","sticky":false,"template":"","format":"standard","meta":{"footnotes":""},"categories":[37],"tags":[],"class_list":["post-35586","post","type-post","status-publish","format-standard","has-post-thumbnail","hentry","category-nacional"],"_links":{"self":[{"href":"https:\/\/www.radioamigavallenar.cl\/index.php?rest_route=\/wp\/v2\/posts\/35586","targetHints":{"allow":["GET"]}}],"collection":[{"href":"https:\/\/www.radioamigavallenar.cl\/index.php?rest_route=\/wp\/v2\/posts"}],"about":[{"href":"https:\/\/www.radioamigavallenar.cl\/index.php?rest_route=\/wp\/v2\/types\/post"}],"author":[{"embeddable":true,"href":"https:\/\/www.radioamigavallenar.cl\/index.php?rest_route=\/wp\/v2\/users\/2"}],"replies":[{"embeddable":true,"href":"https:\/\/www.radioamigavallenar.cl\/index.php?rest_route=%2Fwp%2Fv2%2Fcomments&post=35586"}],"version-history":[{"count":1,"href":"https:\/\/www.radioamigavallenar.cl\/index.php?rest_route=\/wp\/v2\/posts\/35586\/revisions"}],"predecessor-version":[{"id":35587,"href":"https:\/\/www.radioamigavallenar.cl\/index.php?rest_route=\/wp\/v2\/posts\/35586\/revisions\/35587"}],"wp:featuredmedia":[{"embeddable":true,"href":"https:\/\/www.radioamigavallenar.cl\/index.php?rest_route=\/wp\/v2\/media\/33029"}],"wp:attachment":[{"href":"https:\/\/www.radioamigavallenar.cl\/index.php?rest_route=%2Fwp%2Fv2%2Fmedia&parent=35586"}],"wp:term":[{"taxonomy":"category","embeddable":true,"href":"https:\/\/www.radioamigavallenar.cl\/index.php?rest_route=%2Fwp%2Fv2%2Fcategories&post=35586"},{"taxonomy":"post_tag","embeddable":true,"href":"https:\/\/www.radioamigavallenar.cl\/index.php?rest_route=%2Fwp%2Fv2%2Ftags&post=35586"}],"curies":[{"name":"wp","href":"https:\/\/api.w.org\/{rel}","templated":true}]}}