{"id":35584,"date":"2021-02-04T11:36:29","date_gmt":"2021-02-04T14:36:29","guid":{"rendered":"https:\/\/www.radioamigavallenar.cl\/?p=35584"},"modified":"2021-02-04T11:36:29","modified_gmt":"2021-02-04T14:36:29","slug":"hasta-seis-mil-millones-de-pesos-servicio-electoral-fija-limite-de-gasto-para-la-eleccion-presidencial","status":"publish","type":"post","link":"https:\/\/www.radioamigavallenar.cl\/?p=35584","title":{"rendered":"Hasta seis mil millones de pesos: Servicio Electoral fija l\u00edmite de gasto para la elecci\u00f3n presidencial"},"content":{"rendered":"<p>Asimismo, la entidad determin\u00f3 los montos m\u00e1ximos para los comicios de senadores, diputados y consejeros regionales.<\/p>\n<p>El Servicio Electoral (Servel) public\u00f3 este jueves en el Diario Oficial la resoluci\u00f3n que establece los m\u00e1ximos de gastos electorales de los procesos electorales que se desarrollar\u00e1n el pr\u00f3ximo 21 de noviembre, jornada en la que se escoger\u00e1 al nuevo Presidente de la Rep\u00fablica, senadores, diputados y consejeros regionales.<\/p>\n<p>En el caso de los primeros comicios, la entidad determin\u00f3 que para la primera vuelta, los postulantes a La Moneda tendr\u00e1n un l\u00edmite de $6.422.195.564, y en caso de que exista una segunda vuelta, dicho monto se reduce a $4.281.463.709. En el caso de las primarias presidenciales y las precandidaturas, la cifra es de $642.219.556.<\/p>\n<p>En el documento, el organismo tambi\u00e9n determin\u00f3 el gasto m\u00e1ximo para las elecciones parlamentarias, el cual var\u00eda de acuerdo al tama\u00f1o de la circunscripci\u00f3n o distrito. En este caso, la cifra m\u00e1s grande est\u00e1 destinada para la elecci\u00f3n de senadores en la Regi\u00f3n Metropolitana, con $182.066.800.<\/p>\n<p>El monto m\u00e1s peque\u00f1o es el que est\u00e1 fijado para la senatorial en la Regi\u00f3n de Ays\u00e9n, con $9.997.675. En el caso de los comicios de diputados, la cifra m\u00e1s grande est\u00e1 destinada al distrito 10, compuesto por las comunas de Santiago, \u00d1u\u00f1oa, Providencia, La Granja, Macul y San Joaqu\u00edn, con $450.188.484.<\/p>\n<p>La cantidad m\u00e1xima permitida m\u00e1s peque\u00f1a en esa elecci\u00f3n es la del distrito 27, integrado por las comunas de Cisnes, Guaitecas, Cochrane, O\u2019higgins, Tortel, Coyhaique, Lago Verde, Chile Chico y Rio Ib\u00e1\u00f1ez, todas de la Regi\u00f3n de Ays\u00e9n, en la cual los candidatos pueden gastar hasta $62.600.189.<\/p>\n<p>Finalmente para la elecci\u00f3n de consejeros regionales, los montos fluct\u00faan entre $1.600.000 en la provincia m\u00e1s peque\u00f1a y 170 millones en las m\u00e1s grandes.<\/p>\n","protected":false},"excerpt":{"rendered":"<p>Asimismo, la entidad determin\u00f3 los montos m\u00e1ximos para los comicios de senadores, diputados y consejeros regionales. El Servicio Electoral (Servel) public\u00f3 este jueves en el&hellip; <\/p>\n","protected":false},"author":2,"featured_media":22062,"comment_status":"open","ping_status":"closed","sticky":false,"template":"","format":"standard","meta":{"footnotes":""},"categories":[37],"tags":[],"class_list":["post-35584","post","type-post","status-publish","format-standard","has-post-thumbnail","hentry","category-nacional"],"_links":{"self":[{"href":"https:\/\/www.radioamigavallenar.cl\/index.php?rest_route=\/wp\/v2\/posts\/35584","targetHints":{"allow":["GET"]}}],"collection":[{"href":"https:\/\/www.radioamigavallenar.cl\/index.php?rest_route=\/wp\/v2\/posts"}],"about":[{"href":"https:\/\/www.radioamigavallenar.cl\/index.php?rest_route=\/wp\/v2\/types\/post"}],"author":[{"embeddable":true,"href":"https:\/\/www.radioamigavallenar.cl\/index.php?rest_route=\/wp\/v2\/users\/2"}],"replies":[{"embeddable":true,"href":"https:\/\/www.radioamigavallenar.cl\/index.php?rest_route=%2Fwp%2Fv2%2Fcomments&post=35584"}],"version-history":[{"count":1,"href":"https:\/\/www.radioamigavallenar.cl\/index.php?rest_route=\/wp\/v2\/posts\/35584\/revisions"}],"predecessor-version":[{"id":35585,"href":"https:\/\/www.radioamigavallenar.cl\/index.php?rest_route=\/wp\/v2\/posts\/35584\/revisions\/35585"}],"wp:featuredmedia":[{"embeddable":true,"href":"https:\/\/www.radioamigavallenar.cl\/index.php?rest_route=\/wp\/v2\/media\/22062"}],"wp:attachment":[{"href":"https:\/\/www.radioamigavallenar.cl\/index.php?rest_route=%2Fwp%2Fv2%2Fmedia&parent=35584"}],"wp:term":[{"taxonomy":"category","embeddable":true,"href":"https:\/\/www.radioamigavallenar.cl\/index.php?rest_route=%2Fwp%2Fv2%2Fcategories&post=35584"},{"taxonomy":"post_tag","embeddable":true,"href":"https:\/\/www.radioamigavallenar.cl\/index.php?rest_route=%2Fwp%2Fv2%2Ftags&post=35584"}],"curies":[{"name":"wp","href":"https:\/\/api.w.org\/{rel}","templated":true}]}}