{"id":35576,"date":"2021-02-04T10:48:16","date_gmt":"2021-02-04T13:48:16","guid":{"rendered":"https:\/\/www.radioamigavallenar.cl\/?p=35576"},"modified":"2021-02-04T10:48:16","modified_gmt":"2021-02-04T13:48:16","slug":"vuelven-a-subir-nueva-alza-de-combustibles-esta-semana","status":"publish","type":"post","link":"https:\/\/www.radioamigavallenar.cl\/?p=35576","title":{"rendered":"Vuelven a subir: Nueva alza de combustibles esta semana"},"content":{"rendered":"<p>La\u00a0<strong>Empresa Nacional del Petr\u00f3leo (ENAP),<\/strong>\u00a0entreg\u00f3 la proyecci\u00f3n semanal correspondiente a la variaci\u00f3n del precio de los combustibles.<\/p>\n<p>De acuerdo a la tendencia general sostenida durante finales de 2020 y a inicios de este a\u00f1o,\u00a0<strong>todas las bencinas experimentar\u00e1n una nueva alza en su precio<\/strong>\u00a0a partir de ma\u00f1ana jueves 4 de febrero.\u00a0 Seg\u00fan lo establecido por la estatal en su informe, las bencinas de 93 y 97 octanos anotar\u00e1n un nuevo aumento de<strong>\u00a0$6,1 pesos por litro de combustible, mismo incremento que experimentar\u00e1 el petr\u00f3leo di\u00e9sel.<\/strong><\/p>\n<p>Por su parte, el gas licuado de uso vehicular continuar\u00e1 con el alza, igualando la cifra de los otros tipos de combustibles, y registrando un incremento de\u00a0<strong>$6,1 pesos por litro.<\/strong><\/p>\n<p>En su informe, ENAP explic\u00f3 que se arrib\u00f3 a las conclusiones y estimaciones sobre el precio de los combustibles \u00abconsiderando la regla de Precio Paridad de Importaci\u00f3n, el Mecanismo de Estabilizaci\u00f3n de Precios de Combustibles (MEPCO), el Fondo de Estabilizaci\u00f3n de Precios del Petr\u00f3leo (FEEP), y los mecanismos establecidos por la autoridad\u00bb.<\/p>\n","protected":false},"excerpt":{"rendered":"<p>La\u00a0Empresa Nacional del Petr\u00f3leo (ENAP),\u00a0entreg\u00f3 la proyecci\u00f3n semanal correspondiente a la variaci\u00f3n del precio de los combustibles. De acuerdo a la tendencia general sostenida durante&hellip; <\/p>\n","protected":false},"author":2,"featured_media":0,"comment_status":"open","ping_status":"closed","sticky":false,"template":"","format":"standard","meta":{"footnotes":""},"categories":[37],"tags":[],"class_list":["post-35576","post","type-post","status-publish","format-standard","hentry","category-nacional"],"_links":{"self":[{"href":"https:\/\/www.radioamigavallenar.cl\/index.php?rest_route=\/wp\/v2\/posts\/35576","targetHints":{"allow":["GET"]}}],"collection":[{"href":"https:\/\/www.radioamigavallenar.cl\/index.php?rest_route=\/wp\/v2\/posts"}],"about":[{"href":"https:\/\/www.radioamigavallenar.cl\/index.php?rest_route=\/wp\/v2\/types\/post"}],"author":[{"embeddable":true,"href":"https:\/\/www.radioamigavallenar.cl\/index.php?rest_route=\/wp\/v2\/users\/2"}],"replies":[{"embeddable":true,"href":"https:\/\/www.radioamigavallenar.cl\/index.php?rest_route=%2Fwp%2Fv2%2Fcomments&post=35576"}],"version-history":[{"count":1,"href":"https:\/\/www.radioamigavallenar.cl\/index.php?rest_route=\/wp\/v2\/posts\/35576\/revisions"}],"predecessor-version":[{"id":35577,"href":"https:\/\/www.radioamigavallenar.cl\/index.php?rest_route=\/wp\/v2\/posts\/35576\/revisions\/35577"}],"wp:attachment":[{"href":"https:\/\/www.radioamigavallenar.cl\/index.php?rest_route=%2Fwp%2Fv2%2Fmedia&parent=35576"}],"wp:term":[{"taxonomy":"category","embeddable":true,"href":"https:\/\/www.radioamigavallenar.cl\/index.php?rest_route=%2Fwp%2Fv2%2Fcategories&post=35576"},{"taxonomy":"post_tag","embeddable":true,"href":"https:\/\/www.radioamigavallenar.cl\/index.php?rest_route=%2Fwp%2Fv2%2Ftags&post=35576"}],"curies":[{"name":"wp","href":"https:\/\/api.w.org\/{rel}","templated":true}]}}