{"id":35573,"date":"2021-02-04T10:47:14","date_gmt":"2021-02-04T13:47:14","guid":{"rendered":"https:\/\/www.radioamigavallenar.cl\/?p=35573"},"modified":"2021-02-04T10:47:14","modified_gmt":"2021-02-04T13:47:14","slug":"mas-de-4-800-adultos-mayores-se-vacunaron-contra-el-covid-19-en-primera-jornada-historica-en-atacama","status":"publish","type":"post","link":"https:\/\/www.radioamigavallenar.cl\/?p=35573","title":{"rendered":"M\u00e1s de 4.800 adultos mayores se vacunaron contra el Covid-19 en primera jornada hist\u00f3rica en Atacama"},"content":{"rendered":"<p>Pasadas las 17 horas del ayer, las autoridades de Gobierno encabezadas por el Intendente Subrogante, Ignacio Urcull\u00fa, junto a la Gobernadora de la Provincia del Huasco, Nelly Galeb, al Seremi de Salud, Basti\u00e1n Hermosilla, al Director de Servicio de Salud, Claudio Baeza y al Seremi de Gobierno, Guillermo Zurita, dieron a conocer un balance de lo que fue la primera jornada de vacunaci\u00f3n contra el Covid-19 en la Regi\u00f3n de Atacama.<\/p>\n<p>Al respecto, el Intendente (s), Ignacio Urcull\u00fa, manifest\u00f3 que \u201cesta ha sido una jornada hist\u00f3rica en la que m\u00e1s de 4.800 adultos mayores se acercaron a los 25 puntos de vacunaci\u00f3n que establecimos en la Regi\u00f3n de Atacama con la colaboraci\u00f3n de los municipios para ser inmunizados contra el Covid-19. Queremos agradecer la labor de los funcionarios de la salud, de las Fuerzas Armadas y de Orden, de los funcionarios p\u00fablicos que han hecho posible que esta haya sido una jornada ordenada y segura. El Presidente Pi\u00f1era hizo todas las gestiones para que hoy pudi\u00e9ramos estar vacunando a nuestros adultos mayores\u201d.<\/p>\n","protected":false},"excerpt":{"rendered":"<p>Pasadas las 17 horas del ayer, las autoridades de Gobierno encabezadas por el Intendente Subrogante, Ignacio Urcull\u00fa, junto a la Gobernadora de la Provincia del&hellip; <\/p>\n","protected":false},"author":2,"featured_media":35574,"comment_status":"open","ping_status":"closed","sticky":false,"template":"","format":"standard","meta":{"footnotes":""},"categories":[38],"tags":[],"class_list":["post-35573","post","type-post","status-publish","format-standard","has-post-thumbnail","hentry","category-portada-regional"],"_links":{"self":[{"href":"https:\/\/www.radioamigavallenar.cl\/index.php?rest_route=\/wp\/v2\/posts\/35573","targetHints":{"allow":["GET"]}}],"collection":[{"href":"https:\/\/www.radioamigavallenar.cl\/index.php?rest_route=\/wp\/v2\/posts"}],"about":[{"href":"https:\/\/www.radioamigavallenar.cl\/index.php?rest_route=\/wp\/v2\/types\/post"}],"author":[{"embeddable":true,"href":"https:\/\/www.radioamigavallenar.cl\/index.php?rest_route=\/wp\/v2\/users\/2"}],"replies":[{"embeddable":true,"href":"https:\/\/www.radioamigavallenar.cl\/index.php?rest_route=%2Fwp%2Fv2%2Fcomments&post=35573"}],"version-history":[{"count":1,"href":"https:\/\/www.radioamigavallenar.cl\/index.php?rest_route=\/wp\/v2\/posts\/35573\/revisions"}],"predecessor-version":[{"id":35575,"href":"https:\/\/www.radioamigavallenar.cl\/index.php?rest_route=\/wp\/v2\/posts\/35573\/revisions\/35575"}],"wp:featuredmedia":[{"embeddable":true,"href":"https:\/\/www.radioamigavallenar.cl\/index.php?rest_route=\/wp\/v2\/media\/35574"}],"wp:attachment":[{"href":"https:\/\/www.radioamigavallenar.cl\/index.php?rest_route=%2Fwp%2Fv2%2Fmedia&parent=35573"}],"wp:term":[{"taxonomy":"category","embeddable":true,"href":"https:\/\/www.radioamigavallenar.cl\/index.php?rest_route=%2Fwp%2Fv2%2Fcategories&post=35573"},{"taxonomy":"post_tag","embeddable":true,"href":"https:\/\/www.radioamigavallenar.cl\/index.php?rest_route=%2Fwp%2Fv2%2Ftags&post=35573"}],"curies":[{"name":"wp","href":"https:\/\/api.w.org\/{rel}","templated":true}]}}