{"id":35570,"date":"2021-02-04T05:00:50","date_gmt":"2021-02-04T08:00:50","guid":{"rendered":"https:\/\/www.radioamigavallenar.cl\/?p=35570"},"modified":"2021-02-04T09:10:44","modified_gmt":"2021-02-04T12:10:44","slug":"pdi-recupera-computadora-robada-en-la-seremi-de-educacion-de-atacama","status":"publish","type":"post","link":"https:\/\/www.radioamigavallenar.cl\/?p=35570","title":{"rendered":"PDI recupera computadora robada en la seremi de educaci\u00f3n de Atacama"},"content":{"rendered":"<p>Detectives detuvieron a una persona mayor de edad, de nacionalidad boliviana, por el delito flagrante de Receptaci\u00f3n.<span id=\"more-236553\"><\/span><\/p>\n<p>En virtud al delito de Robo en Lugar No Habitado, denunciado por la Seremi de Educaci\u00f3n, detectives diligencias investigativas coordinadas con la Fiscal\u00eda Local de Copiap\u00f3, para establecer el delito y recuperar las especies sustra\u00eddas.<\/p>\n<p>Logrando obtener informaci\u00f3n sobre la ubicaci\u00f3n del computador robado, por lo que se concurri\u00f3 hasta un inmueble ubicado en avenida Circunvalaci\u00f3n tomando contacto con el imputado quien reconoci\u00f3 mantener el notebook en su domicilio se\u00f1alando adem\u00e1s, que lo adquiri\u00f3 a trav\u00e9s de redes sociales a un valor muy por debajo del comercio normal.<\/p>\n<p>La especie fue recuperada y el sujeto detenido, quedando a disposici\u00f3n del Juzgado de Garant\u00eda de Copiap\u00f3, por instrucci\u00f3n del fiscal de turno.<\/p>\n","protected":false},"excerpt":{"rendered":"<p>Detectives detuvieron a una persona mayor de edad, de nacionalidad boliviana, por el delito flagrante de Receptaci\u00f3n. En virtud al delito de Robo en Lugar&hellip; <\/p>\n","protected":false},"author":2,"featured_media":35571,"comment_status":"open","ping_status":"closed","sticky":false,"template":"","format":"standard","meta":{"footnotes":""},"categories":[38],"tags":[],"class_list":["post-35570","post","type-post","status-publish","format-standard","has-post-thumbnail","hentry","category-portada-regional"],"_links":{"self":[{"href":"https:\/\/www.radioamigavallenar.cl\/index.php?rest_route=\/wp\/v2\/posts\/35570","targetHints":{"allow":["GET"]}}],"collection":[{"href":"https:\/\/www.radioamigavallenar.cl\/index.php?rest_route=\/wp\/v2\/posts"}],"about":[{"href":"https:\/\/www.radioamigavallenar.cl\/index.php?rest_route=\/wp\/v2\/types\/post"}],"author":[{"embeddable":true,"href":"https:\/\/www.radioamigavallenar.cl\/index.php?rest_route=\/wp\/v2\/users\/2"}],"replies":[{"embeddable":true,"href":"https:\/\/www.radioamigavallenar.cl\/index.php?rest_route=%2Fwp%2Fv2%2Fcomments&post=35570"}],"version-history":[{"count":1,"href":"https:\/\/www.radioamigavallenar.cl\/index.php?rest_route=\/wp\/v2\/posts\/35570\/revisions"}],"predecessor-version":[{"id":35572,"href":"https:\/\/www.radioamigavallenar.cl\/index.php?rest_route=\/wp\/v2\/posts\/35570\/revisions\/35572"}],"wp:featuredmedia":[{"embeddable":true,"href":"https:\/\/www.radioamigavallenar.cl\/index.php?rest_route=\/wp\/v2\/media\/35571"}],"wp:attachment":[{"href":"https:\/\/www.radioamigavallenar.cl\/index.php?rest_route=%2Fwp%2Fv2%2Fmedia&parent=35570"}],"wp:term":[{"taxonomy":"category","embeddable":true,"href":"https:\/\/www.radioamigavallenar.cl\/index.php?rest_route=%2Fwp%2Fv2%2Fcategories&post=35570"},{"taxonomy":"post_tag","embeddable":true,"href":"https:\/\/www.radioamigavallenar.cl\/index.php?rest_route=%2Fwp%2Fv2%2Ftags&post=35570"}],"curies":[{"name":"wp","href":"https:\/\/api.w.org\/{rel}","templated":true}]}}