{"id":35568,"date":"2021-02-04T05:08:24","date_gmt":"2021-02-04T08:08:24","guid":{"rendered":"https:\/\/www.radioamigavallenar.cl\/?p=35568"},"modified":"2021-02-04T09:09:27","modified_gmt":"2021-02-04T12:09:27","slug":"dos-proyectos-solares-fotovoltaicos-por-mas-de-420-mw-obtuvieron-aprobacion-ambiental","status":"publish","type":"post","link":"https:\/\/www.radioamigavallenar.cl\/?p=35568","title":{"rendered":"Dos proyectos solares fotovoltaicos por m\u00e1s de 420 MW obtuvieron aprobaci\u00f3n ambiental"},"content":{"rendered":"<p>Se trata del Parque Gran Teno, de 200 MW, y de la planta Tocopilla, los cuales tambi\u00e9n suman una inversi\u00f3n de US$375 millones.<span id=\"more-236571\"><\/span><\/p>\n<p>Dos proyectos fotovoltaicos que suman m\u00e1s de 425 MW de capacidad instalada fueron aprobados en el<strong>\u00a0Servicio de Evaluaci\u00f3n Ambiental\u00a0 (SEA)<\/strong>\u00a0durante diciembre, siendo las iniciativas de mayor tama\u00f1o que obtuvieron luz verde de un total de 12, cuyas RCA fueron favorables, de acuerdo con los datos del bolet\u00edn mensual de Generadoras de Chile.<\/p>\n<p>Se trata del proyecto fotovoltaico Gran Teno, de 205 MW, con una inversi\u00f3n estimada de US$205 millones, el cual busca emplazarse en la Regi\u00f3n del Maule,\u00a0al costado este de la Ruta J-120, aproximadamente a 4,5 km al norte de la comuna de Teno.<\/p>\n<p>La iniciativa\u00a0contempla la construcci\u00f3n y operaci\u00f3n de un Parque Fotovoltaic, constituido por 576.576 paneles fotovoltaicos de 415 Watts cada uno. Tambi\u00e9n contempla<span lang=\"ES-AR\">\u00a0la construcci\u00f3n de una l\u00ednea de transmisi\u00f3n de 154 kV, que se conectar\u00e1\u00a0<\/span><span lang=\"ES-TRAD\">en la l\u00ednea existente denominada Itag\u00fce-Tinguiririca 154 kV, de acuerdo a lo establecido en la Norma T\u00e9cnica de Seguridad y Calidad de Servicio.<\/span><\/p>\n<h3 style=\"text-align: center;\">Tocopilla<\/h3>\n<p>El otro proyecto es la Planta Fotovoltaica Tocopilla, de 227 MW, con una inversi\u00f3n de US$170 millones, que busca instalarse en la comuna de Mar\u00eda Elena, en la Regi\u00f3n de Antofagasta.<\/p>\n<p>Considera una\u00a0una l\u00ednea de transmisi\u00f3n de 220 kV, denominada \u201cPlanta FV Tocopilla-Subestaci\u00f3n Mar\u00eda Elena\u201d, que tendr\u00e1 una extensi\u00f3n aproximada de 9,2 kil\u00f3metros y que unir\u00e1 la futura subestaci\u00f3n el\u00e9ctrica elevadora del proyecto, denominada subestaci\u00f3n Tocopilla, con la subestaci\u00f3n el\u00e9ctrica Mar\u00eda Elena.<\/p>\n","protected":false},"excerpt":{"rendered":"<p>Se trata del Parque Gran Teno, de 200 MW, y de la planta Tocopilla, los cuales tambi\u00e9n suman una inversi\u00f3n de US$375 millones. Dos proyectos&hellip; <\/p>\n","protected":false},"author":2,"featured_media":26273,"comment_status":"open","ping_status":"closed","sticky":false,"template":"","format":"standard","meta":{"footnotes":""},"categories":[38],"tags":[],"class_list":["post-35568","post","type-post","status-publish","format-standard","has-post-thumbnail","hentry","category-portada-regional"],"_links":{"self":[{"href":"https:\/\/www.radioamigavallenar.cl\/index.php?rest_route=\/wp\/v2\/posts\/35568","targetHints":{"allow":["GET"]}}],"collection":[{"href":"https:\/\/www.radioamigavallenar.cl\/index.php?rest_route=\/wp\/v2\/posts"}],"about":[{"href":"https:\/\/www.radioamigavallenar.cl\/index.php?rest_route=\/wp\/v2\/types\/post"}],"author":[{"embeddable":true,"href":"https:\/\/www.radioamigavallenar.cl\/index.php?rest_route=\/wp\/v2\/users\/2"}],"replies":[{"embeddable":true,"href":"https:\/\/www.radioamigavallenar.cl\/index.php?rest_route=%2Fwp%2Fv2%2Fcomments&post=35568"}],"version-history":[{"count":1,"href":"https:\/\/www.radioamigavallenar.cl\/index.php?rest_route=\/wp\/v2\/posts\/35568\/revisions"}],"predecessor-version":[{"id":35569,"href":"https:\/\/www.radioamigavallenar.cl\/index.php?rest_route=\/wp\/v2\/posts\/35568\/revisions\/35569"}],"wp:featuredmedia":[{"embeddable":true,"href":"https:\/\/www.radioamigavallenar.cl\/index.php?rest_route=\/wp\/v2\/media\/26273"}],"wp:attachment":[{"href":"https:\/\/www.radioamigavallenar.cl\/index.php?rest_route=%2Fwp%2Fv2%2Fmedia&parent=35568"}],"wp:term":[{"taxonomy":"category","embeddable":true,"href":"https:\/\/www.radioamigavallenar.cl\/index.php?rest_route=%2Fwp%2Fv2%2Fcategories&post=35568"},{"taxonomy":"post_tag","embeddable":true,"href":"https:\/\/www.radioamigavallenar.cl\/index.php?rest_route=%2Fwp%2Fv2%2Ftags&post=35568"}],"curies":[{"name":"wp","href":"https:\/\/api.w.org\/{rel}","templated":true}]}}