{"id":35562,"date":"2021-02-04T06:00:28","date_gmt":"2021-02-04T09:00:28","guid":{"rendered":"https:\/\/www.radioamigavallenar.cl\/?p=35562"},"modified":"2021-02-03T21:04:13","modified_gmt":"2021-02-04T00:04:13","slug":"emprendedores-de-alto-del-carmen-invitan-a-la-feria-virtual-reconectate-con-huasco-alto","status":"publish","type":"post","link":"https:\/\/www.radioamigavallenar.cl\/?p=35562","title":{"rendered":"Emprendedores de Alto del Carmen invitan a la Feria Virtual \u201cRecon\u00e9ctate con Huasco Alto\u201d"},"content":{"rendered":"<p>\u00abEn Alto del Carmen se realizar\u00e1 la primera feria virtual llamada \u00abRECON\u00c9CTATE CON HUASCO ALTO\u00bb, que tiene como objetivo, mostrar a los emprendedores de la comuna junto a sus end\u00e9micos productos que pretender vender de forma online, mediante dos jornadas de transmisi\u00f3n virtual.<\/p>\n<p>En la ocasi\u00f3n tambi\u00e9n se contar\u00e1 con dos n\u00fameros musicales a cargo de reconocidos folcloristas de la provincia, como son Pedro Bolados y el grupo Jilapacha, adem\u00e1s de una muestra gastron\u00f3mica para dar a conocer los productos propios de la comuna, ense\u00f1ando las t\u00e9cnicas culinarias de platos t\u00edpicos de Alto del Carmen. A prop\u00f3sito, tambi\u00e9n est\u00e1 programada una charla astron\u00f3mica a cargo de Felipe Guti\u00e9rrez y, por \u00faltimo, cuatro concursos en vivo para las personas que m\u00e1s participen en esta transmisi\u00f3n online.<\/p>\n<p>Los organizadores invitan a todos los atacame\u00f1os y atacame\u00f1as para conectarse con esta transmisi\u00f3n en vivo y apoyar la venta de productos nacionales en este dif\u00edcil momento por el cual est\u00e1n pasando los emprendedores de esta joven comuna. Para eso, recon\u00e9ctate con Huasco Alto, los d\u00edas jueves 4 y viernes 5, desde las 18:00 hasta las 22:00 horas.<\/p>\n<p>Los env\u00edos dentro de la Provincia de Huasco ser\u00e1n gratis y los colaboradores son la Ilustre Municipalidad de Alto del Carmen, la Fundaci\u00f3n para la Superaci\u00f3n de la Pobreza y la Corporaci\u00f3n Municipal de Turismo Alto del Carmen.<\/p>\n","protected":false},"excerpt":{"rendered":"<p>\u00abEn Alto del Carmen se realizar\u00e1 la primera feria virtual llamada \u00abRECON\u00c9CTATE CON HUASCO ALTO\u00bb, que tiene como objetivo, mostrar a los emprendedores de la&hellip; <\/p>\n","protected":false},"author":2,"featured_media":35563,"comment_status":"open","ping_status":"closed","sticky":false,"template":"","format":"standard","meta":{"footnotes":""},"categories":[7],"tags":[],"class_list":["post-35562","post","type-post","status-publish","format-standard","has-post-thumbnail","hentry","category-atacama"],"_links":{"self":[{"href":"https:\/\/www.radioamigavallenar.cl\/index.php?rest_route=\/wp\/v2\/posts\/35562","targetHints":{"allow":["GET"]}}],"collection":[{"href":"https:\/\/www.radioamigavallenar.cl\/index.php?rest_route=\/wp\/v2\/posts"}],"about":[{"href":"https:\/\/www.radioamigavallenar.cl\/index.php?rest_route=\/wp\/v2\/types\/post"}],"author":[{"embeddable":true,"href":"https:\/\/www.radioamigavallenar.cl\/index.php?rest_route=\/wp\/v2\/users\/2"}],"replies":[{"embeddable":true,"href":"https:\/\/www.radioamigavallenar.cl\/index.php?rest_route=%2Fwp%2Fv2%2Fcomments&post=35562"}],"version-history":[{"count":1,"href":"https:\/\/www.radioamigavallenar.cl\/index.php?rest_route=\/wp\/v2\/posts\/35562\/revisions"}],"predecessor-version":[{"id":35564,"href":"https:\/\/www.radioamigavallenar.cl\/index.php?rest_route=\/wp\/v2\/posts\/35562\/revisions\/35564"}],"wp:featuredmedia":[{"embeddable":true,"href":"https:\/\/www.radioamigavallenar.cl\/index.php?rest_route=\/wp\/v2\/media\/35563"}],"wp:attachment":[{"href":"https:\/\/www.radioamigavallenar.cl\/index.php?rest_route=%2Fwp%2Fv2%2Fmedia&parent=35562"}],"wp:term":[{"taxonomy":"category","embeddable":true,"href":"https:\/\/www.radioamigavallenar.cl\/index.php?rest_route=%2Fwp%2Fv2%2Fcategories&post=35562"},{"taxonomy":"post_tag","embeddable":true,"href":"https:\/\/www.radioamigavallenar.cl\/index.php?rest_route=%2Fwp%2Fv2%2Ftags&post=35562"}],"curies":[{"name":"wp","href":"https:\/\/api.w.org\/{rel}","templated":true}]}}