{"id":35558,"date":"2021-02-04T06:00:23","date_gmt":"2021-02-04T09:00:23","guid":{"rendered":"https:\/\/www.radioamigavallenar.cl\/?p=35558"},"modified":"2021-02-03T21:02:15","modified_gmt":"2021-02-04T00:02:15","slug":"diputado-nicolas-noman-lamenta-cifras-de-inmigracion-no-regulada-en-el-norte-del-pais","status":"publish","type":"post","link":"https:\/\/www.radioamigavallenar.cl\/?p=35558","title":{"rendered":"Diputado Nicol\u00e1s Noman lamenta cifras de inmigraci\u00f3n \u201cno regulada\u201d en el norte del pa\u00eds"},"content":{"rendered":"<p>Luego de conocer las cifras oficiales de la cantidad de inmigrantes que ingresaron a Chile durante el a\u00f1o 2020, el diputado por Atacama, Nicol\u00e1s Noman, lament\u00f3 la situaci\u00f3n.<\/p>\n<p>Esto, explic\u00f3 el parlamentario, porque en Chile hay bastantes necesidades y en palabra de \u00e9l, \u201cno podemos darnos el lujo de que ingresen tantos extranjeros al pa\u00eds, principalmente de manera ilegal\u201d<\/p>\n<p>\u201cEstamos trabajando en un proyecto de ley de extranjer\u00eda y migraci\u00f3n, que es una iniciativa que despu\u00e9s de 40 a\u00f1os viene a modernizar la compleja situaci\u00f3n que est\u00e1bamos enfrentando en nuestras fronteras\u201d, argument\u00f3 Noman.<\/p>\n<p>Pero, dijo \u201clas cifras son contundentes y en nuestro pa\u00eds necesitamos dar empleo y no podemos aceptar -lamentablemente- tanto inmigrante, menos de la forma ilegal en que est\u00e1n llegando al pa\u00eds\u201d<\/p>\n<p>\u201cDebemos contar con una migraci\u00f3n que debe de ser regulada, segura, ordenada y no solamente basada en un esquema de derechos para los migrantes, sino que tambi\u00e9n deben tener muy claro que para poder estar en nuestro pa\u00eds deben cumplir con obligaciones y poder tambi\u00e9n tener deberes\u201d.<\/p>\n<p>Finalmente, el diputado Nicol\u00e1s Noman hizo un llamado a las autoridades a tomar \u201ccartas en el asunto\u201d, de lo contrario asegur\u00f3 \u201cnuestros propios compatriotas no tendr\u00e1n un trabajo digno para sustentar a sus familias\u201d.<\/p>\n","protected":false},"excerpt":{"rendered":"<p>Luego de conocer las cifras oficiales de la cantidad de inmigrantes que ingresaron a Chile durante el a\u00f1o 2020, el diputado por Atacama, Nicol\u00e1s Noman,&hellip; <\/p>\n","protected":false},"author":2,"featured_media":0,"comment_status":"open","ping_status":"closed","sticky":false,"template":"","format":"standard","meta":{"footnotes":""},"categories":[7],"tags":[],"class_list":["post-35558","post","type-post","status-publish","format-standard","hentry","category-atacama"],"_links":{"self":[{"href":"https:\/\/www.radioamigavallenar.cl\/index.php?rest_route=\/wp\/v2\/posts\/35558","targetHints":{"allow":["GET"]}}],"collection":[{"href":"https:\/\/www.radioamigavallenar.cl\/index.php?rest_route=\/wp\/v2\/posts"}],"about":[{"href":"https:\/\/www.radioamigavallenar.cl\/index.php?rest_route=\/wp\/v2\/types\/post"}],"author":[{"embeddable":true,"href":"https:\/\/www.radioamigavallenar.cl\/index.php?rest_route=\/wp\/v2\/users\/2"}],"replies":[{"embeddable":true,"href":"https:\/\/www.radioamigavallenar.cl\/index.php?rest_route=%2Fwp%2Fv2%2Fcomments&post=35558"}],"version-history":[{"count":1,"href":"https:\/\/www.radioamigavallenar.cl\/index.php?rest_route=\/wp\/v2\/posts\/35558\/revisions"}],"predecessor-version":[{"id":35559,"href":"https:\/\/www.radioamigavallenar.cl\/index.php?rest_route=\/wp\/v2\/posts\/35558\/revisions\/35559"}],"wp:attachment":[{"href":"https:\/\/www.radioamigavallenar.cl\/index.php?rest_route=%2Fwp%2Fv2%2Fmedia&parent=35558"}],"wp:term":[{"taxonomy":"category","embeddable":true,"href":"https:\/\/www.radioamigavallenar.cl\/index.php?rest_route=%2Fwp%2Fv2%2Fcategories&post=35558"},{"taxonomy":"post_tag","embeddable":true,"href":"https:\/\/www.radioamigavallenar.cl\/index.php?rest_route=%2Fwp%2Fv2%2Ftags&post=35558"}],"curies":[{"name":"wp","href":"https:\/\/api.w.org\/{rel}","templated":true}]}}