{"id":35556,"date":"2021-02-04T06:00:16","date_gmt":"2021-02-04T09:00:16","guid":{"rendered":"https:\/\/www.radioamigavallenar.cl\/?p=35556"},"modified":"2021-02-03T21:00:52","modified_gmt":"2021-02-04T00:00:52","slug":"diputada-cid-valoro-como-un-hecho-historico-inicio-del-plan-de-vacunacion-covid-en-atacama","status":"publish","type":"post","link":"https:\/\/www.radioamigavallenar.cl\/?p=35556","title":{"rendered":"Diputada Cid valor\u00f3 como un \u201checho hist\u00f3rico\u201d inicio del Plan de Vacunaci\u00f3n Covid en Atacama"},"content":{"rendered":"<p>La diputada de la bancada de RN, Sof\u00eda Cid Versalovic, valor\u00f3 como un \u201checho hist\u00f3rico\u201d el inicio del Plan de Vacunaci\u00f3n Covid-19, el cual se efectu\u00f3 con total normalidad en las nueve comunas de la Regi\u00f3n de Atacama.<\/p>\n<p>\u201cHoy comenz\u00f3 en Atacama y todo Chile un proceso muy importante, la vacunaci\u00f3n. Este proceso es la clave para enfrentar la pandemia del Coronavirus como pocos pa\u00edses en Latinoam\u00e9rica lo pueden hacer, y son nuestros adultos mayores quienes nos dan un gran ejemplo al trasladarse a los m\u00e1s de 25 centros de incubaci\u00f3n en Atacama, para ser testigos presenciales de este hecho sin precedentes para el pa\u00eds\u201d, se\u00f1al\u00f3.<\/p>\n<p>La parlamentaria indic\u00f3 que \u201ccomo coautora de la ley 21.278 que modifica el C\u00f3digo Sanitario para regular la realizaci\u00f3n de estudios y ensayos para obtener productos farmac\u00e9uticos para combatir pandemias hago un llamado a todos los atacame\u00f1os a vacunarse, si tomamos los resguardos necesarios y avanzamos progresivamente en la vacunaci\u00f3n podremos controlar los efectos y salir airosos de este desaf\u00edo llamado Covid-19\u201d.<\/p>\n<p>\u201cEn todo el d\u00eda hemos visto con entusiasmo como hijos llevaban a sus padres para que fuesen vacunados, eso nos habla bien no solo de nuestro compromiso como ciudadanos, sino tambi\u00e9n a saber aprovechar los recursos que tenemos y que hoy ha quedado demostrado el esfuerzo sobrehumano de un equipo, que, a pesar del cansancio, sigue de pie para ayudar a los m\u00e1s necesitados\u201d, insisti\u00f3 la diputada.<\/p>\n<p>Finalmente, Cid Versalocid anunci\u00f3 que \u201cen lo personal, y cuando correspondan me vacunare y para ello esperare las instrucciones y directrices de la autoridad sanitaria como corresponde seg\u00fan sea el cronograma de vacunaci\u00f3n\u201d. Igualmente, hizo un llamado a no \u201cbajar los brazos\u201d y seguir reforzando el autocuidado como el uso de mascarilla, el distanciamiento social y el lavado frecuente de manos para disminuir los casos positivos de Coronavirus en la tercera regi\u00f3n.<\/p>\n","protected":false},"excerpt":{"rendered":"<p>La diputada de la bancada de RN, Sof\u00eda Cid Versalovic, valor\u00f3 como un \u201checho hist\u00f3rico\u201d el inicio del Plan de Vacunaci\u00f3n Covid-19, el cual se&hellip; <\/p>\n","protected":false},"author":2,"featured_media":0,"comment_status":"open","ping_status":"closed","sticky":false,"template":"","format":"standard","meta":{"footnotes":""},"categories":[7],"tags":[],"class_list":["post-35556","post","type-post","status-publish","format-standard","hentry","category-atacama"],"_links":{"self":[{"href":"https:\/\/www.radioamigavallenar.cl\/index.php?rest_route=\/wp\/v2\/posts\/35556","targetHints":{"allow":["GET"]}}],"collection":[{"href":"https:\/\/www.radioamigavallenar.cl\/index.php?rest_route=\/wp\/v2\/posts"}],"about":[{"href":"https:\/\/www.radioamigavallenar.cl\/index.php?rest_route=\/wp\/v2\/types\/post"}],"author":[{"embeddable":true,"href":"https:\/\/www.radioamigavallenar.cl\/index.php?rest_route=\/wp\/v2\/users\/2"}],"replies":[{"embeddable":true,"href":"https:\/\/www.radioamigavallenar.cl\/index.php?rest_route=%2Fwp%2Fv2%2Fcomments&post=35556"}],"version-history":[{"count":1,"href":"https:\/\/www.radioamigavallenar.cl\/index.php?rest_route=\/wp\/v2\/posts\/35556\/revisions"}],"predecessor-version":[{"id":35557,"href":"https:\/\/www.radioamigavallenar.cl\/index.php?rest_route=\/wp\/v2\/posts\/35556\/revisions\/35557"}],"wp:attachment":[{"href":"https:\/\/www.radioamigavallenar.cl\/index.php?rest_route=%2Fwp%2Fv2%2Fmedia&parent=35556"}],"wp:term":[{"taxonomy":"category","embeddable":true,"href":"https:\/\/www.radioamigavallenar.cl\/index.php?rest_route=%2Fwp%2Fv2%2Fcategories&post=35556"},{"taxonomy":"post_tag","embeddable":true,"href":"https:\/\/www.radioamigavallenar.cl\/index.php?rest_route=%2Fwp%2Fv2%2Ftags&post=35556"}],"curies":[{"name":"wp","href":"https:\/\/api.w.org\/{rel}","templated":true}]}}