{"id":35553,"date":"2021-02-04T06:00:30","date_gmt":"2021-02-04T09:00:30","guid":{"rendered":"https:\/\/www.radioamigavallenar.cl\/?p=35553"},"modified":"2021-02-03T21:00:05","modified_gmt":"2021-02-04T00:00:05","slug":"freirina-comenzo-campana-de-vacunacion-con-la-esperanza-de-hacer-frente-a-la-pandemia","status":"publish","type":"post","link":"https:\/\/www.radioamigavallenar.cl\/?p=35553","title":{"rendered":"Freirina comenz\u00f3 campa\u00f1a de vacunaci\u00f3n con la esperanza de hacer frente a la pandemia"},"content":{"rendered":"<p>Como una jornada hist\u00f3rica catalog\u00f3 el Alcalde Cesar Orellana el proceso de vacunaci\u00f3n que comenz\u00f3 este mi\u00e9rcoles en Freirina y que se prolongar\u00e1 hasta el 17 de febrero.<\/p>\n<p>Al respecto el Alcalde C\u00e9sar Orellana coment\u00f3 que \u00abhemos catalogado este d\u00eda como el \u201cd\u00eda de la esperanza\u201d, que comienza en todo Chile y Freirina no pod\u00eda ser la excepci\u00f3n.\u00a0 \u201cAprovecho de saludar a todos los profesionales del Cesfam que estar\u00e1n a cargo de la vacunaci\u00f3n, y es importante se\u00f1alar que ser\u00e1 toda la comuna, por lo que los equipos de salud se trasladar\u00e1n hasta los lugares m\u00e1s apartados para que nadie quede afuera\u00bb, sostuvo.<\/p>\n<p>Por su parte el Director del Cesfam Gonzalo Opazo \u00c1lvarez, indic\u00f3 que \u00abesta campa\u00f1a comienza con la vacunaci\u00f3n de la poblaci\u00f3n de adulta mayor sobre los 60 a\u00f1os en adelante para que puedan recibir la vacuna contra el coronavirus. Desde que comenz\u00f3 esta pandemia, nosotros dijimos que la soluci\u00f3n finalmente era una vacuna, la que ya contamos en la comuna, en un proceso que comienza hoy y se extiende hasta el 17 de febrero. Aun no tenemos fechas para otros grupos de riesgo, pero que oportunamente los vamos a se\u00f1alar una vez que tengamos esa informaci\u00f3n\u00bb dijo el profesional.<\/p>\n<p>Los dos primeros vecinos en recibir la hist\u00f3rica vacuna fueron don Ernesto Urrutia y don Gabriel Vega, quienes no mostraron complicaciones despu\u00e9s de permanecer por 30 minutos \u00abreposando\u00bb tras la inyecci\u00f3n.<\/p>\n<p>En tanto para Jorge Mar\u00edn Juica, Encargado del Programa Nacional de Inmunizaci\u00f3n, la vacuna es cien por ciento segura, se\u00f1alando que \u201cQueremos hacer un llamado a la comunidad para informar que esta vacuna que se emple\u00f3 en la etapa uno del proceso de vacunaci\u00f3n contra el coronavirus, pas\u00f3 todas las pruebas del ISP, es una vacuna segura, llamar a la calma, es una de las soluciones para controlar el proceso de la pandemia, entonces principalmente llamar a toda la poblaci\u00f3n que cumple con los requisitos y est\u00e1 dentro de los grupos objetivos, que se acerquen ya que la vacuna est\u00e1 disponible para todos, es universal y cualquier adulto mayor que no cumpla con la edad estipulada para cada d\u00eda, igual no vamos a perder la oportunidad de vacunaci\u00f3n, as\u00ed es que hacemos un llamado a todos los adultos mayores que puedan venir al Cesfam para poder ser inmunizados contra esta enfermedad\u201d.<\/p>\n","protected":false},"excerpt":{"rendered":"<p>Como una jornada hist\u00f3rica catalog\u00f3 el Alcalde Cesar Orellana el proceso de vacunaci\u00f3n que comenz\u00f3 este mi\u00e9rcoles en Freirina y que se prolongar\u00e1 hasta el&hellip; <\/p>\n","protected":false},"author":2,"featured_media":35554,"comment_status":"open","ping_status":"closed","sticky":false,"template":"","format":"standard","meta":{"footnotes":""},"categories":[7],"tags":[],"class_list":["post-35553","post","type-post","status-publish","format-standard","has-post-thumbnail","hentry","category-atacama"],"_links":{"self":[{"href":"https:\/\/www.radioamigavallenar.cl\/index.php?rest_route=\/wp\/v2\/posts\/35553","targetHints":{"allow":["GET"]}}],"collection":[{"href":"https:\/\/www.radioamigavallenar.cl\/index.php?rest_route=\/wp\/v2\/posts"}],"about":[{"href":"https:\/\/www.radioamigavallenar.cl\/index.php?rest_route=\/wp\/v2\/types\/post"}],"author":[{"embeddable":true,"href":"https:\/\/www.radioamigavallenar.cl\/index.php?rest_route=\/wp\/v2\/users\/2"}],"replies":[{"embeddable":true,"href":"https:\/\/www.radioamigavallenar.cl\/index.php?rest_route=%2Fwp%2Fv2%2Fcomments&post=35553"}],"version-history":[{"count":1,"href":"https:\/\/www.radioamigavallenar.cl\/index.php?rest_route=\/wp\/v2\/posts\/35553\/revisions"}],"predecessor-version":[{"id":35555,"href":"https:\/\/www.radioamigavallenar.cl\/index.php?rest_route=\/wp\/v2\/posts\/35553\/revisions\/35555"}],"wp:featuredmedia":[{"embeddable":true,"href":"https:\/\/www.radioamigavallenar.cl\/index.php?rest_route=\/wp\/v2\/media\/35554"}],"wp:attachment":[{"href":"https:\/\/www.radioamigavallenar.cl\/index.php?rest_route=%2Fwp%2Fv2%2Fmedia&parent=35553"}],"wp:term":[{"taxonomy":"category","embeddable":true,"href":"https:\/\/www.radioamigavallenar.cl\/index.php?rest_route=%2Fwp%2Fv2%2Fcategories&post=35553"},{"taxonomy":"post_tag","embeddable":true,"href":"https:\/\/www.radioamigavallenar.cl\/index.php?rest_route=%2Fwp%2Fv2%2Ftags&post=35553"}],"curies":[{"name":"wp","href":"https:\/\/api.w.org\/{rel}","templated":true}]}}