{"id":35550,"date":"2021-02-04T06:00:34","date_gmt":"2021-02-04T09:00:34","guid":{"rendered":"https:\/\/www.radioamigavallenar.cl\/?p=35550"},"modified":"2021-02-03T20:59:19","modified_gmt":"2021-02-03T23:59:19","slug":"con-acuerdos-y-plazos-concretos-minvu-avanza-en-soluciones-para-familias-de-conjunto-habitacional-oasis-de-chanaral","status":"publish","type":"post","link":"https:\/\/www.radioamigavallenar.cl\/?p=35550","title":{"rendered":"Con acuerdos y plazos concretos MINVU avanza en soluciones para familias de conjunto habitacional Oasis de Cha\u00f1aral"},"content":{"rendered":"<p><strong>Mejoras en las viviendas y entorno y problemas con la infraestructura sanitaria entre los temas a solucionar.<\/strong><\/p>\n<p>Importantes avances y acuerdos se lograron en una nueva reuni\u00f3n sostenida entre el Seremi Minvu, Pedro R\u00edos, el director Serviu, Rodrigo Maturana, el alcalde Cha\u00f1aral Ra\u00fal Salas, representantes de la empresa sanitaria Nueva Atacama y parte del equipo de trabajo del Subsecretario del Ministerio de Vivienda y Urbanismo, Guillermo Rolando, con las dirigentas del Conjunto Habitacional Oasis de Cha\u00f1aral, quienes han manifestado abierta y p\u00fablicamente problemas en el funcionamiento de su condominio tanto en sus viviendas como en el sistema de evacuaci\u00f3n de aguas servidas y suministro de agua potable.<\/p>\n<p>En esta nueva jornada de trabajo se revisaron los avances acordados en la reuni\u00f3n del pasado 14 de enero y se establecieron nuevos acuerdos con miras a dar soluci\u00f3n a los problemas que aquejan a los vecinos de este conjunto habitacional, que recordemos fue entregado el 10 de marzo del a\u00f1o 2018 para dar soluci\u00f3n a familias afectadas por el aluvi\u00f3n del a\u00f1o 2015 y cuya ejecuci\u00f3n form\u00f3 parte del Plan de Reconstrucci\u00f3n de la \u00e9poca, puntualiz\u00f3 el Seremi Minvu Pedro R\u00edos, agregando que \u201choy, en el Gobierno del Presidente Sebastian Pi\u00f1era estamos trabajando en soluciones concretas a estas familias con responsabilidad y con la opini\u00f3n y vivencias de las mismas familias que es lo m\u00e1s importante\u201d.<\/p>\n<p>Sobre el trabajo conjunto logrado en la reuni\u00f3n sostenida el Seremi Minvu, indic\u00f3 que \u201cla reuni\u00f3n fue muy positiva. Estamos llegando a puntos de encuentro, con una muy buena disposici\u00f3n de los presentes y colocando plazos concretos para avanzar en las soluciones. Entre los compromisos m\u00e1s importantes en materia sanitaria, acordamos fechas concretas con Aguas Nueva Atacama para mejorar la infraestructura que existe actualmente y que permitir\u00e1 a las familias tener un mejor funcionamiento en la obtenci\u00f3n de agua potable y en el servicio de alcantarillado\u201d.<\/p>\n<p>As\u00ed mismo, el Director de Serviu, Rodrigo Maturana, detall\u00f3 parte de los nuevos compromisos asumidos explicando que \u201ccon las familias quedamos de tener una nueva reuni\u00f3n de trabajo el viernes 5 de febrero y as\u00ed en conjunto poder revisar el proyecto y poder determinar un listado de observaciones que deber\u00e1 atender la empresa Armas. Debemos separar temas de ejecuci\u00f3n de las obras, que son temas que debe asumir la empresa constructora y otros problemas de dise\u00f1o que tiene el conjunto habitacional. Junto a los vecinos haremos este trabajo conjunto, recordando que ya se han atendido algunas solicitudes con la empresa Armas; no obstante, a\u00fan quedan temas por mejorar. De esta forma el listado de necesidades que elaboremos en conjunto con los vecinos para presentar a la constructora de este conjunto habitacional estar\u00e1 validado por Serviu Atacama\u201d.<\/p>\n<p>La Presidenta del Condominio Oasis de Cha\u00f1aral, Olga Montecinos, se mostr\u00f3 conforme con los avances a la fecha, indicando que \u201cSe logr\u00f3 la mayor\u00eda de las peticiones que tenemos. Vamos por un buen camino. Logramos tener un mejor servicio de agua potable y alcantarillado con la empresa Nueva Atacama, logramos que comience la reparaci\u00f3n de nuestras viviendas, logramos la revisi\u00f3n de la ac\u00fastica de nuestras casas y una pronta sede vecinal para poder reunirnos. Vamos por un buen camino considero yo. Ahora vamos a citar a nuestros vecinos para contarles de los avances para nuestro sector\u201d.<\/p>\n<p>Por su parte el alcalde comunal, Ra\u00fal Salas, enfatiz\u00f3 en que \u201ces muy importante cumplir con la palabra empe\u00f1ada ante nuestros vecinos y en ese sentido creemos que fue muy bueno que el mismo Subsecretario haya enviado a parte de su equipo para revisar los avances de los compromisos asumidos a la fecha. Es as\u00ed como tuvimos una extensa y productiva reuni\u00f3n donde los vecinos han podido hacer las consultas y nosotros comprometer fechas para nuevos avances\u201d, agregando que \u201cespec\u00edficamente como municipio hicimos un catastro social y t\u00e9cnico en el sector de la Villa Oasis y adem\u00e1s asumimos el compromiso con nuestra Entidad Patrocinante (E.P) municipal de generar el proyecto de los cierres de los patios, adem\u00e1s de comprometer otras acciones como el problema del control de plagas en el sector.<\/p>\n","protected":false},"excerpt":{"rendered":"<p>Mejoras en las viviendas y entorno y problemas con la infraestructura sanitaria entre los temas a solucionar. Importantes avances y acuerdos se lograron en una&hellip; <\/p>\n","protected":false},"author":2,"featured_media":35551,"comment_status":"open","ping_status":"closed","sticky":false,"template":"","format":"standard","meta":{"footnotes":""},"categories":[7],"tags":[],"class_list":["post-35550","post","type-post","status-publish","format-standard","has-post-thumbnail","hentry","category-atacama"],"_links":{"self":[{"href":"https:\/\/www.radioamigavallenar.cl\/index.php?rest_route=\/wp\/v2\/posts\/35550","targetHints":{"allow":["GET"]}}],"collection":[{"href":"https:\/\/www.radioamigavallenar.cl\/index.php?rest_route=\/wp\/v2\/posts"}],"about":[{"href":"https:\/\/www.radioamigavallenar.cl\/index.php?rest_route=\/wp\/v2\/types\/post"}],"author":[{"embeddable":true,"href":"https:\/\/www.radioamigavallenar.cl\/index.php?rest_route=\/wp\/v2\/users\/2"}],"replies":[{"embeddable":true,"href":"https:\/\/www.radioamigavallenar.cl\/index.php?rest_route=%2Fwp%2Fv2%2Fcomments&post=35550"}],"version-history":[{"count":1,"href":"https:\/\/www.radioamigavallenar.cl\/index.php?rest_route=\/wp\/v2\/posts\/35550\/revisions"}],"predecessor-version":[{"id":35552,"href":"https:\/\/www.radioamigavallenar.cl\/index.php?rest_route=\/wp\/v2\/posts\/35550\/revisions\/35552"}],"wp:featuredmedia":[{"embeddable":true,"href":"https:\/\/www.radioamigavallenar.cl\/index.php?rest_route=\/wp\/v2\/media\/35551"}],"wp:attachment":[{"href":"https:\/\/www.radioamigavallenar.cl\/index.php?rest_route=%2Fwp%2Fv2%2Fmedia&parent=35550"}],"wp:term":[{"taxonomy":"category","embeddable":true,"href":"https:\/\/www.radioamigavallenar.cl\/index.php?rest_route=%2Fwp%2Fv2%2Fcategories&post=35550"},{"taxonomy":"post_tag","embeddable":true,"href":"https:\/\/www.radioamigavallenar.cl\/index.php?rest_route=%2Fwp%2Fv2%2Ftags&post=35550"}],"curies":[{"name":"wp","href":"https:\/\/api.w.org\/{rel}","templated":true}]}}