{"id":35547,"date":"2021-02-04T06:00:43","date_gmt":"2021-02-04T09:00:43","guid":{"rendered":"https:\/\/www.radioamigavallenar.cl\/?p=35547"},"modified":"2021-02-03T20:58:23","modified_gmt":"2021-02-03T23:58:23","slug":"fiscalia-y-pdi-indagaron-delito-de-microtrafico-de-drogas-y-pareja-quedo-en-prision-preventiva","status":"publish","type":"post","link":"https:\/\/www.radioamigavallenar.cl\/?p=35547","title":{"rendered":"Fiscal\u00eda y PDI indagaron delito de microtr\u00e1fico de drogas y pareja qued\u00f3 en prisi\u00f3n preventiva"},"content":{"rendered":"<p><strong>Diligencias investigativas llevaron a concretar una diligencias en un domicilio de calle Lautaro de Cha\u00f1aral, logrando la detenci\u00f3n de dos personas y la incautaci\u00f3n de marihuana y pasta base de coca\u00edna.<\/strong><span id=\"more-236494\"><\/span><\/p>\n<p>Bajo la medida cautelar de prisi\u00f3n preventiva quedaron dos personas, un hombre y una mujer con domicilio en Cha\u00f1aral, quienes fueron investigados por el delito de microtr\u00e1fico de drogas.<\/p>\n<p>De acuerdo a lo argumentado por el fiscal (s) de esta comuna, Diego Soto Alfaro, quien asumi\u00f3 la audiencia de formalizaci\u00f3n de cargos, a partir de antecedentes que manejaba personal de la Brigada MTO de la PDI de esta ciudad se llev\u00f3 a cabo una investigaci\u00f3n que deriv\u00f3 en que la Fiscal\u00eda Local solicitara al Juez de turno una orden de entrada y registro a un domicilio de calle Lautaro.<\/p>\n<p>\u201cLa diligencia fue desarrollada por personal de la PDI quienes procedieron a la detenci\u00f3n de una pareja residente en el lugar, quienes se dedicaba la venta de peque\u00f1as dosis de droga. Incautando en el lugar 111 gramos de pasta base de coca\u00edna, marihuana y adem\u00e1s de 302.700 mil pesos en efectivo\u201d, indic\u00f3 Soto en la audiencia.<\/p>\n<p>En la audiencia se argument\u00f3 que el trabajo policial llevado a cabo en este caso permiti\u00f3 establecer que en dicho domicilio se vend\u00edan dosis de droga, teniendo ambos detenidos antecedentes penales anteriores.<\/p>\n<p>De esta manera, luego del procedimiento se realizaron las pruebas de campo por parte de personal de la PDI, cuyos resultados fueron agregados a la carpeta investigativa de este caso y expuestos por la Fiscal\u00eda en la audiencia de formalizaci\u00f3n. En dicha instancia el fiscal Diego Soto comunic\u00f3 a la pareja detenida que se les indaga por la participaci\u00f3n consumada en el delito de tr\u00e1fico il\u00edcito de drogas en peque\u00f1as cantidades, solicitando en su contra la cautelar de prisi\u00f3n preventiva por considerarlos un peligro para la seguridad de la sociedad. Ordenando el Juez de turno el ingreso a la c\u00e1rcel de esta ciudad.<\/p>\n<p>Finalmente, desde ambas instituciones reiteraron el llamado a la comunidad a denunciar este tipo de delitos que genera una alta preocupaci\u00f3n en la ciudadan\u00eda. Existiendo el fono 134 de la PDI, \u00a0el tel\u00e9fono Denuncia Seguro 600 400 01 01 en que el aporte de informaci\u00f3n es an\u00f3nimo o bien al correo\u00a0<a href=\"mailto:denuncias.atacama@minpublico.cl\">denuncias.atacama@minpublico.cl<\/a><\/p>\n","protected":false},"excerpt":{"rendered":"<p>Diligencias investigativas llevaron a concretar una diligencias en un domicilio de calle Lautaro de Cha\u00f1aral, logrando la detenci\u00f3n de dos personas y la incautaci\u00f3n de&hellip; <\/p>\n","protected":false},"author":2,"featured_media":35548,"comment_status":"open","ping_status":"closed","sticky":false,"template":"","format":"standard","meta":{"footnotes":""},"categories":[7],"tags":[],"class_list":["post-35547","post","type-post","status-publish","format-standard","has-post-thumbnail","hentry","category-atacama"],"_links":{"self":[{"href":"https:\/\/www.radioamigavallenar.cl\/index.php?rest_route=\/wp\/v2\/posts\/35547","targetHints":{"allow":["GET"]}}],"collection":[{"href":"https:\/\/www.radioamigavallenar.cl\/index.php?rest_route=\/wp\/v2\/posts"}],"about":[{"href":"https:\/\/www.radioamigavallenar.cl\/index.php?rest_route=\/wp\/v2\/types\/post"}],"author":[{"embeddable":true,"href":"https:\/\/www.radioamigavallenar.cl\/index.php?rest_route=\/wp\/v2\/users\/2"}],"replies":[{"embeddable":true,"href":"https:\/\/www.radioamigavallenar.cl\/index.php?rest_route=%2Fwp%2Fv2%2Fcomments&post=35547"}],"version-history":[{"count":1,"href":"https:\/\/www.radioamigavallenar.cl\/index.php?rest_route=\/wp\/v2\/posts\/35547\/revisions"}],"predecessor-version":[{"id":35549,"href":"https:\/\/www.radioamigavallenar.cl\/index.php?rest_route=\/wp\/v2\/posts\/35547\/revisions\/35549"}],"wp:featuredmedia":[{"embeddable":true,"href":"https:\/\/www.radioamigavallenar.cl\/index.php?rest_route=\/wp\/v2\/media\/35548"}],"wp:attachment":[{"href":"https:\/\/www.radioamigavallenar.cl\/index.php?rest_route=%2Fwp%2Fv2%2Fmedia&parent=35547"}],"wp:term":[{"taxonomy":"category","embeddable":true,"href":"https:\/\/www.radioamigavallenar.cl\/index.php?rest_route=%2Fwp%2Fv2%2Fcategories&post=35547"},{"taxonomy":"post_tag","embeddable":true,"href":"https:\/\/www.radioamigavallenar.cl\/index.php?rest_route=%2Fwp%2Fv2%2Ftags&post=35547"}],"curies":[{"name":"wp","href":"https:\/\/api.w.org\/{rel}","templated":true}]}}