{"id":35542,"date":"2021-02-03T12:50:49","date_gmt":"2021-02-03T15:50:49","guid":{"rendered":"https:\/\/www.radioamigavallenar.cl\/?p=35542"},"modified":"2021-02-03T12:50:49","modified_gmt":"2021-02-03T15:50:49","slug":"en-vallenar-proceso-de-vacunacion-se-realiza-de-forma-coordinada-y-ordenada","status":"publish","type":"post","link":"https:\/\/www.radioamigavallenar.cl\/?p=35542","title":{"rendered":"En Vallenar proceso de vacunaci\u00f3n se realiza de forma coordinada y ordenada"},"content":{"rendered":"<p>Sede Abuelitos de la Esperanza es uno de los seis centros de inoculaci\u00f3n, hasta donde han llegado decenas de personas.<\/p>\n<p>La Sede Abuelitos de la Esperanza est\u00e1 a un costado del Cesfam Hermanos Carrera. Se destac\u00f3 la coordinaci\u00f3n y distanciamiento social<\/p>\n<p>De forma coordinada y ordenada se ha realizado el proceso de vacunaci\u00f3n a cargo del Cesfam Hermanos Carrera de Vallenar, ciudad que tiene seis puntos de vacunaci\u00f3n.<\/p>\n<p>As\u00ed lo destac\u00f3 Liliana Cort\u00e9s, subdirectora del recinto m\u00e9dico, quien dijo que el equipo de salud est\u00e1 vacunando desde las 9 horas en la sede Abuelitos de la Esperanza, hasta donde han llegado decenas de adultos mayores, de los cuales un grupo estuvo haciendo fila desde las 8 horas.<\/p>\n<p>De acuerdo a lo que coment\u00f3, est\u00e1n vacunando desde mayores de 60 a\u00f1os, dado que al ser una comuna m\u00e1s peque\u00f1a alcanzan las dosis para los distintos rangos etarios.<\/p>\n<p>Seg\u00fan dijo, para quienes tengan problemas de movilizaci\u00f3n, se ir\u00e1 a domicilio este s\u00e1bado 6 y el s\u00e1bado 13 de enero.<\/p>\n","protected":false},"excerpt":{"rendered":"<p>Sede Abuelitos de la Esperanza es uno de los seis centros de inoculaci\u00f3n, hasta donde han llegado decenas de personas. La Sede Abuelitos de la&hellip; <\/p>\n","protected":false},"author":2,"featured_media":35543,"comment_status":"open","ping_status":"closed","sticky":false,"template":"","format":"standard","meta":{"footnotes":""},"categories":[7],"tags":[],"class_list":["post-35542","post","type-post","status-publish","format-standard","has-post-thumbnail","hentry","category-atacama"],"_links":{"self":[{"href":"https:\/\/www.radioamigavallenar.cl\/index.php?rest_route=\/wp\/v2\/posts\/35542","targetHints":{"allow":["GET"]}}],"collection":[{"href":"https:\/\/www.radioamigavallenar.cl\/index.php?rest_route=\/wp\/v2\/posts"}],"about":[{"href":"https:\/\/www.radioamigavallenar.cl\/index.php?rest_route=\/wp\/v2\/types\/post"}],"author":[{"embeddable":true,"href":"https:\/\/www.radioamigavallenar.cl\/index.php?rest_route=\/wp\/v2\/users\/2"}],"replies":[{"embeddable":true,"href":"https:\/\/www.radioamigavallenar.cl\/index.php?rest_route=%2Fwp%2Fv2%2Fcomments&post=35542"}],"version-history":[{"count":1,"href":"https:\/\/www.radioamigavallenar.cl\/index.php?rest_route=\/wp\/v2\/posts\/35542\/revisions"}],"predecessor-version":[{"id":35544,"href":"https:\/\/www.radioamigavallenar.cl\/index.php?rest_route=\/wp\/v2\/posts\/35542\/revisions\/35544"}],"wp:featuredmedia":[{"embeddable":true,"href":"https:\/\/www.radioamigavallenar.cl\/index.php?rest_route=\/wp\/v2\/media\/35543"}],"wp:attachment":[{"href":"https:\/\/www.radioamigavallenar.cl\/index.php?rest_route=%2Fwp%2Fv2%2Fmedia&parent=35542"}],"wp:term":[{"taxonomy":"category","embeddable":true,"href":"https:\/\/www.radioamigavallenar.cl\/index.php?rest_route=%2Fwp%2Fv2%2Fcategories&post=35542"},{"taxonomy":"post_tag","embeddable":true,"href":"https:\/\/www.radioamigavallenar.cl\/index.php?rest_route=%2Fwp%2Fv2%2Ftags&post=35542"}],"curies":[{"name":"wp","href":"https:\/\/api.w.org\/{rel}","templated":true}]}}