{"id":35539,"date":"2021-02-03T12:40:49","date_gmt":"2021-02-03T15:40:49","guid":{"rendered":"https:\/\/www.radioamigavallenar.cl\/?p=35539"},"modified":"2021-02-03T12:40:49","modified_gmt":"2021-02-03T15:40:49","slug":"gobierno-confirma-muerte-de-dos-inmigrantes-que-entraron-ilegalmente-a-chile","status":"publish","type":"post","link":"https:\/\/www.radioamigavallenar.cl\/?p=35539","title":{"rendered":"Gobierno confirma muerte de dos inmigrantes que entraron ilegalmente a Chile"},"content":{"rendered":"<p><strong>Un ciudadano venezolano y colombiano perdieron la vida cerca de Colchane, ante lo cual el alcalde emplaz\u00f3 al gobierno boliviano a regular el paso de personas.<\/strong><span id=\"more-236448\"><\/span><\/p>\n<p>El\u00a0<strong>Gobierno\u00a0<\/strong>confirm\u00f3 la muerte de dos inmigrantes que hab\u00edan\u00a0<strong>ingresado ilegalmente a Chile por pasos no habilitados<\/strong>, cerca de Colchane.<\/p>\n<p>Seg\u00fan inform\u00f3 el ministro del Interior, Rodrigo Delgado, las v\u00edctimas corresponden a un ciudadano venezolano y otro colombiano, quienes fallecieron debido a complicaciones de salud a ra\u00edz de las extremas condiciones.<\/p>\n<p><strong>\u00abLo ocurrido anoche ratifica algo que venimos diciendo hace mucho tiempo, porque las condiciones en las que llegan estas personas son un riesgo para su salud\u00bb<\/strong>, asever\u00f3.<\/p>\n<p>Delgado remarc\u00f3 que detr\u00e1s de los traslados hay\u00a0<strong>\u00abempresas que ofrecen cosas y lucran con v\u00edctimas, dej\u00e1ndolos abandonados en condiciones adversas\u00bb.<\/strong><\/p>\n<p>Asimismo, acot\u00f3 que uno de los fallecidos ten\u00eda 70 a\u00f1os,\u00a0<strong>\u00ablo cual nos hace pensar que ya no son solo j\u00f3venes los que vienen a esta arriesgada acci\u00f3n\u00bb.<\/strong><\/p>\n<p>La autoridad remarc\u00f3 que redoblar\u00e1n los esfuerzos en la frontera con Bolivia y Per\u00fa para controlar el acceso ilegal de personas.<\/p>\n<p>Sobre ello, el alcalde de Colchane,\u00a0<strong>Javier Garc\u00eda,<\/strong>\u00a0hizo un llamado al gobierno boliviano para que tenga m\u00e1s regularizaci\u00f3n en el territorio.<\/p>\n<p>\u00abComo alcalde de Colchane, solicito al presidente del Estado Plurinacional de Bolivia, don Luis Arce Catacora, que intervenga a nivel de canciller\u00edas tanto con Chile como con los otros estados, para\u00a0<strong>mitigar la migraci\u00f3n de ciudadanos venezolanos que afecta a los aymaras de Bolivia y Chile<\/strong>, quienes han visto sus vidas afectadas por este proceso migratorio\u201d, manifest\u00f3.<\/p>\n","protected":false},"excerpt":{"rendered":"<p>Un ciudadano venezolano y colombiano perdieron la vida cerca de Colchane, ante lo cual el alcalde emplaz\u00f3 al gobierno boliviano a regular el paso de&hellip; <\/p>\n","protected":false},"author":2,"featured_media":35540,"comment_status":"open","ping_status":"closed","sticky":false,"template":"","format":"standard","meta":{"footnotes":""},"categories":[37],"tags":[],"class_list":["post-35539","post","type-post","status-publish","format-standard","has-post-thumbnail","hentry","category-nacional"],"_links":{"self":[{"href":"https:\/\/www.radioamigavallenar.cl\/index.php?rest_route=\/wp\/v2\/posts\/35539","targetHints":{"allow":["GET"]}}],"collection":[{"href":"https:\/\/www.radioamigavallenar.cl\/index.php?rest_route=\/wp\/v2\/posts"}],"about":[{"href":"https:\/\/www.radioamigavallenar.cl\/index.php?rest_route=\/wp\/v2\/types\/post"}],"author":[{"embeddable":true,"href":"https:\/\/www.radioamigavallenar.cl\/index.php?rest_route=\/wp\/v2\/users\/2"}],"replies":[{"embeddable":true,"href":"https:\/\/www.radioamigavallenar.cl\/index.php?rest_route=%2Fwp%2Fv2%2Fcomments&post=35539"}],"version-history":[{"count":1,"href":"https:\/\/www.radioamigavallenar.cl\/index.php?rest_route=\/wp\/v2\/posts\/35539\/revisions"}],"predecessor-version":[{"id":35541,"href":"https:\/\/www.radioamigavallenar.cl\/index.php?rest_route=\/wp\/v2\/posts\/35539\/revisions\/35541"}],"wp:featuredmedia":[{"embeddable":true,"href":"https:\/\/www.radioamigavallenar.cl\/index.php?rest_route=\/wp\/v2\/media\/35540"}],"wp:attachment":[{"href":"https:\/\/www.radioamigavallenar.cl\/index.php?rest_route=%2Fwp%2Fv2%2Fmedia&parent=35539"}],"wp:term":[{"taxonomy":"category","embeddable":true,"href":"https:\/\/www.radioamigavallenar.cl\/index.php?rest_route=%2Fwp%2Fv2%2Fcategories&post=35539"},{"taxonomy":"post_tag","embeddable":true,"href":"https:\/\/www.radioamigavallenar.cl\/index.php?rest_route=%2Fwp%2Fv2%2Ftags&post=35539"}],"curies":[{"name":"wp","href":"https:\/\/api.w.org\/{rel}","templated":true}]}}