{"id":35536,"date":"2021-02-03T07:05:46","date_gmt":"2021-02-03T10:05:46","guid":{"rendered":"https:\/\/www.radioamigavallenar.cl\/?p=35536"},"modified":"2021-02-03T12:06:42","modified_gmt":"2021-02-03T15:06:42","slug":"cft-de-atacama-asesora-a-estudiantes-en-segundo-periodo-de-postulacion-a-gratuidad","status":"publish","type":"post","link":"https:\/\/www.radioamigavallenar.cl\/?p=35536","title":{"rendered":"CFT de Atacama asesora a estudiantes en  segundo per\u00edodo de postulaci\u00f3n a gratuidad"},"content":{"rendered":"<p>FUAS El tr\u00e1mite estar\u00e1 abierto entre el 18 de febrero y el 18 de marzo<\/p>\n<p>El Director Acad\u00e9mico, Dante Ledezma Garc\u00eda, invita a la comunidad estudiantil a considerar esta oferta dentro de sus opciones de formaci\u00f3n superior emplazada en la comuna de Cha\u00f1aral.<\/p>\n<p>A prop\u00f3sito del inicio del segundo per\u00edodo de postulaci\u00f3n a beneficios estudiantiles que partir\u00e1 el pr\u00f3ximo 18 de febrero de 2021, el Centro de Formaci\u00f3n T\u00e9cnica Estatal de la Regi\u00f3n de Atacama informa a aquellos estudiantes que tengan dudas o impedimentos para cumplir con el proceso, que podr\u00e1n realizar el tr\u00e1mite en sus instalaciones.<\/p>\n<p>Los postulantes recibir\u00e1n asesor\u00eda de la Encargada de Apoyo al Estudiante, perteneciente a la Direcci\u00f3n Acad\u00e9mica, para completar el Formulario \u00danico de Acreditaci\u00f3n Socioecon\u00f3mica (FUAS). El objetivo es orientarlos para que realicen la solicitud correctamente y eviten omitir detalles que pongan en riesgo la posible adjudicaci\u00f3n.<\/p>\n<p>Dante Ledezma Garc\u00eda, Director Acad\u00e9mico de la instituci\u00f3n, hace presente a los solicitantes que el FUAS tomar\u00e1 la informaci\u00f3n correspondiente a su clasificaci\u00f3n socioecon\u00f3mica para conceder los beneficios estudiantiles que podr\u00e1n ser usados en esta casa de estudios; por ello es de suma importancia que todos los datos sean aportados de manera acertada.<\/p>\n<p>Cabe destacar que el CFT de Atacama est\u00e1 adscrito a gratuidad, de tal modo que los estudiantes que cumplan con los requisitos podr\u00e1n financiar la carrera completa o parte de ella mediante estos subsidios otorgados por el Estado a trav\u00e9s del Ministerio de Educaci\u00f3n (Mineduc).<\/p>\n<p>El Centro de Formaci\u00f3n T\u00e9cnica dar\u00e1 inicio a sus actividades a finales de marzo del presente a\u00f1o con las carreras de Administraci\u00f3n de Sistemas Log\u00edsticos y Administraci\u00f3n de Empresas; ambas \u201cest\u00e1n alineadas con las necesidades de los principales sectores productivos de la Regi\u00f3n\u201d de acuerdo con lo ratifica Ledezma.<\/p>\n<p>En ese sentido, exhorta a la comunidad estudiantil a considerar esta oferta acad\u00e9mica dentro de sus opciones de formaci\u00f3n superior en Atacama y, principalmente, en la comuna de Cha\u00f1aral. \u201cLos invitamos a interiorizarse del nuevo CFT Estatal de la Regi\u00f3n, y a ser parte de este nuevo proyecto educativo\u201d, se\u00f1ala.<\/p>\n<p style=\"text-align: center;\"><strong>Dem\u00e1s beneficios<\/strong><\/p>\n<p>Adem\u00e1s de estar adscrito a gratuidad, becas y beneficios, esta instituci\u00f3n tiene un sistema de admisi\u00f3n transparente e inclusivo que otorga a los egresados de establecimientos educacionales de ense\u00f1anza media, la oportunidad de estudiar sin necesidad de presentar el puntaje obtenido en la Prueba de Transici\u00f3n (PDT), o sin el requisito de haberla rendido.<\/p>\n<p>Al respecto el Director Acad\u00e9mico menciona que \u201clo que buscamos es ampliar la oferta acad\u00e9mica T\u00e9cnica de Nivel Superior, acerc\u00e1ndola a los j\u00f3venes y trabajadores de las localidades cercanas, al tiempo que marcamos un hito en el \u00e1mbito educativo regional (\u2026) este fue un anhelo de toda la comunidad y hoy es una realidad\u201d.<\/p>\n<p>Finalmente, tambi\u00e9n habl\u00f3 de la extensi\u00f3n del proceso de renovaci\u00f3n de becas de la Junta Nacional de Auxilio Escolar y Becas (Junaeb) que se ampli\u00f3 hasta este viernes, 5 de febrero, a fin de que los j\u00f3venes<\/p>\n<p>que no alcanzaron a postular en el primer llamado aprovechen este segundo per\u00edodo de postulaci\u00f3n. (CFT\/FKG)<\/p>\n","protected":false},"excerpt":{"rendered":"<p>FUAS El tr\u00e1mite estar\u00e1 abierto entre el 18 de febrero y el 18 de marzo El Director Acad\u00e9mico, Dante Ledezma Garc\u00eda, invita a la comunidad&hellip; <\/p>\n","protected":false},"author":2,"featured_media":35537,"comment_status":"open","ping_status":"closed","sticky":false,"template":"","format":"standard","meta":{"footnotes":""},"categories":[38],"tags":[],"class_list":["post-35536","post","type-post","status-publish","format-standard","has-post-thumbnail","hentry","category-portada-regional"],"_links":{"self":[{"href":"https:\/\/www.radioamigavallenar.cl\/index.php?rest_route=\/wp\/v2\/posts\/35536","targetHints":{"allow":["GET"]}}],"collection":[{"href":"https:\/\/www.radioamigavallenar.cl\/index.php?rest_route=\/wp\/v2\/posts"}],"about":[{"href":"https:\/\/www.radioamigavallenar.cl\/index.php?rest_route=\/wp\/v2\/types\/post"}],"author":[{"embeddable":true,"href":"https:\/\/www.radioamigavallenar.cl\/index.php?rest_route=\/wp\/v2\/users\/2"}],"replies":[{"embeddable":true,"href":"https:\/\/www.radioamigavallenar.cl\/index.php?rest_route=%2Fwp%2Fv2%2Fcomments&post=35536"}],"version-history":[{"count":1,"href":"https:\/\/www.radioamigavallenar.cl\/index.php?rest_route=\/wp\/v2\/posts\/35536\/revisions"}],"predecessor-version":[{"id":35538,"href":"https:\/\/www.radioamigavallenar.cl\/index.php?rest_route=\/wp\/v2\/posts\/35536\/revisions\/35538"}],"wp:featuredmedia":[{"embeddable":true,"href":"https:\/\/www.radioamigavallenar.cl\/index.php?rest_route=\/wp\/v2\/media\/35537"}],"wp:attachment":[{"href":"https:\/\/www.radioamigavallenar.cl\/index.php?rest_route=%2Fwp%2Fv2%2Fmedia&parent=35536"}],"wp:term":[{"taxonomy":"category","embeddable":true,"href":"https:\/\/www.radioamigavallenar.cl\/index.php?rest_route=%2Fwp%2Fv2%2Fcategories&post=35536"},{"taxonomy":"post_tag","embeddable":true,"href":"https:\/\/www.radioamigavallenar.cl\/index.php?rest_route=%2Fwp%2Fv2%2Ftags&post=35536"}],"curies":[{"name":"wp","href":"https:\/\/api.w.org\/{rel}","templated":true}]}}