{"id":35530,"date":"2021-02-03T11:20:46","date_gmt":"2021-02-03T14:20:46","guid":{"rendered":"https:\/\/www.radioamigavallenar.cl\/?p=35530"},"modified":"2021-02-03T11:57:28","modified_gmt":"2021-02-03T14:57:28","slug":"un-llamado-a-participar-activamente-en-el-proceso-de-vacunacion-contra-el-covid-19-realizo-la-gobernadora-del-huasco","status":"publish","type":"post","link":"https:\/\/www.radioamigavallenar.cl\/?p=35530","title":{"rendered":"Un llamado a participar activamente en el proceso de vacunaci\u00f3n contra el Covid 19 realiz\u00f3 la Gobernadora del Huasco"},"content":{"rendered":"<p>\u201cSe inicia en nuestro pa\u00eds el tan esperado proceso de vacunaci\u00f3n masiva contra el Covid 19.\u00a0 El Gobierno del Presidente Pi\u00f1era est\u00e1 haciendo todo lo posible para que el proceso de vacunaci\u00f3n sea seguro y efectivo y para eso el rol de los municipios es clave. Son ellos con quienes nos estamos coordinando para llevar a cabo dicho proceso. Son ellos los\u00a0 que van a tener que poner los puntos de vacunaci\u00f3n, los recursos humanos necesarios, la log\u00edstica local y deber\u00e1n entregar informaci\u00f3n clara y oportuna \u00a0en sus respectivas comunas.<\/p>\n<p>Para ello se cuenta con recursos extraordinarios que han de permitir fortalecer este trabajo\u201d, destac\u00f3 la Gobernadora Nelly Galeb luego de participar junto al Alcalde de la comuna de Vallenar, Victor Isla en un punto de prensa que permiti\u00f3 acercar la informaci\u00f3n m\u00e1s precisa respecto de c\u00f3mo se llevar\u00e1 a cabo dicho proceso en la capital provincial.<\/p>\n<p>Al respecto el Alcalde de la comuna, Victor Isla se\u00f1al\u00f3 \u201cIniciamos hoy un proceso hist\u00f3rico en todo el mundo\u00a0 y lo hacemos\u00a0 en unidad con el Gobierno y con los servicios p\u00fablicos competentes y esperamos que este sea un proceso exitoso y que la poblaci\u00f3n responda a esta vacunaci\u00f3n que nos ha de permitir estar mejor preparados para hacer frente a esta enfermedad, para ello hemos establecido 6 puntos de vacunaci\u00f3n cuyos detalles se pueden obtener en una completa informaci\u00f3n que se est\u00e1 entregando a trav\u00e9s de nuestras plataformas digitales, a trav\u00e9s de los distintos medios de comunicaci\u00f3n\u00a0 y en cada una de las organizaciones sociales de la comuna\u201d.<\/p>\n<p>Los puntos de vacunaci\u00f3n en Vallenar son 6, dos en el sector norte que son\u00a0 el Club Adulto Mayor \u201cAbuelitas Esperanza\u201d en poblaci\u00f3n Hermanos Carrera y en poblaci\u00f3n Baquedano la Junta de Vecinos \u201cVentanas\u201d, en el centro a trav\u00e9s del CESFAM Estaci\u00f3n y la Junta de Vecinos Quinta Valle\u00a0 en la ladera Sur; Cesfam Joan Crawford en el sector de la Villa Vista Alegre y en las instalaci\u00f3n del Cesfam antiguo, en el sector de Avenida Espa\u00f1a, en poblaci\u00f3n Rafael Torreblanca.\u00a0 Un proceso de vacunaci\u00f3n que se iniciar\u00e1 a partir de las 9 de la ma\u00f1ana y hasta las 18 horas, a contar de este mi\u00e9rcoles 03 de febrero y hasta el pr\u00f3ximo 12 de febrero, con el p\u00fablico objetivo en esta primera etapa que son los mayores de 60 a\u00f1os.<\/p>\n<p>Del mismo modo el Alcalde Isla se\u00f1al\u00f3 que se va a estar trabajando con atenci\u00f3n domiciliaria con aquellas personas que tengan problemas\u00a0 para desplazarse, de igual forma se estar\u00e1 atendiendo a los sectores rurales, son m\u00e1s de 30 localidades en la comuna de Vallenar, \u201cHay todo un esfuerzo t\u00e9cnico, profesional y\u00a0 humano para llevar a cabo este proceso de la mejor manera posible y de que nuestra poblaci\u00f3n se encuentre totalmente protegida de cara a un proceso que se est\u00e1 viviendo en todo el mundo\u201d, enfatiz\u00f3 la autoridad comunal.<\/p>\n<p>\u201cComenzamos a dar los primeros pasos en un \u00a0camino que ser\u00e1 largo, sin duda, pero que entregar\u00e1 los frutos en la medida que logremos la mayor participaci\u00f3n en dicho proceso. Se han establecido las coordinaciones con cada uno de los alcaldes y sus equipos de trabajo \u00a0y se realizar\u00e1n todas las acciones que sean necesarias para aclarar las dudas que vayan surgiendo y as\u00ed optimizar el proceso en cada comuna de nuestra provincia\u201d, agreg\u00f3 la Gobernadora.<\/p>\n","protected":false},"excerpt":{"rendered":"<p>\u201cSe inicia en nuestro pa\u00eds el tan esperado proceso de vacunaci\u00f3n masiva contra el Covid 19.\u00a0 El Gobierno del Presidente Pi\u00f1era est\u00e1 haciendo todo lo&hellip; <\/p>\n","protected":false},"author":2,"featured_media":35531,"comment_status":"open","ping_status":"closed","sticky":false,"template":"","format":"standard","meta":{"footnotes":""},"categories":[38],"tags":[],"class_list":["post-35530","post","type-post","status-publish","format-standard","has-post-thumbnail","hentry","category-portada-regional"],"_links":{"self":[{"href":"https:\/\/www.radioamigavallenar.cl\/index.php?rest_route=\/wp\/v2\/posts\/35530","targetHints":{"allow":["GET"]}}],"collection":[{"href":"https:\/\/www.radioamigavallenar.cl\/index.php?rest_route=\/wp\/v2\/posts"}],"about":[{"href":"https:\/\/www.radioamigavallenar.cl\/index.php?rest_route=\/wp\/v2\/types\/post"}],"author":[{"embeddable":true,"href":"https:\/\/www.radioamigavallenar.cl\/index.php?rest_route=\/wp\/v2\/users\/2"}],"replies":[{"embeddable":true,"href":"https:\/\/www.radioamigavallenar.cl\/index.php?rest_route=%2Fwp%2Fv2%2Fcomments&post=35530"}],"version-history":[{"count":1,"href":"https:\/\/www.radioamigavallenar.cl\/index.php?rest_route=\/wp\/v2\/posts\/35530\/revisions"}],"predecessor-version":[{"id":35532,"href":"https:\/\/www.radioamigavallenar.cl\/index.php?rest_route=\/wp\/v2\/posts\/35530\/revisions\/35532"}],"wp:featuredmedia":[{"embeddable":true,"href":"https:\/\/www.radioamigavallenar.cl\/index.php?rest_route=\/wp\/v2\/media\/35531"}],"wp:attachment":[{"href":"https:\/\/www.radioamigavallenar.cl\/index.php?rest_route=%2Fwp%2Fv2%2Fmedia&parent=35530"}],"wp:term":[{"taxonomy":"category","embeddable":true,"href":"https:\/\/www.radioamigavallenar.cl\/index.php?rest_route=%2Fwp%2Fv2%2Fcategories&post=35530"},{"taxonomy":"post_tag","embeddable":true,"href":"https:\/\/www.radioamigavallenar.cl\/index.php?rest_route=%2Fwp%2Fv2%2Ftags&post=35530"}],"curies":[{"name":"wp","href":"https:\/\/api.w.org\/{rel}","templated":true}]}}