{"id":35527,"date":"2021-02-03T11:56:27","date_gmt":"2021-02-03T14:56:27","guid":{"rendered":"https:\/\/www.radioamigavallenar.cl\/?p=35527"},"modified":"2021-02-03T11:56:27","modified_gmt":"2021-02-03T14:56:27","slug":"no-se-les-ocurra-bajarme-por-secretaria-matthei-advierte-a-la-udi-por-posible-primaria-interna","status":"publish","type":"post","link":"https:\/\/www.radioamigavallenar.cl\/?p=35527","title":{"rendered":"\u00abNo se les ocurra bajarme por secretar\u00eda\u00bb: Matthei advierte a la UDI por posible primaria interna"},"content":{"rendered":"<p>La exsenadora y eventual precandidata presidencial por la UDI, Evelyn Matthei, se refiri\u00f3 \u2013 con descontento- sobre la posibilidad de que haya una primaria en dicho partido o que se defina un candidato \u00fanico.<\/p>\n<p>\u201c<strong>Que a nadie se le ocurra siquiera tratar<\/strong>\u00a0de sacar a la \u00fanica mujer candidata o precandidata en la centroderecha por secretar\u00eda\u201d, manifest\u00f3 la alcaldesa de Providencia en Ahora Noticias.<\/p>\n<p>Asegur\u00f3 que \u201chay grupitos\u201d que dicen que el partido debi\u00f3 hacer una primaria interna primero, pero para ella eso \u201chuele a que quieren\u00a0<strong>sacar a la \u00fanica mujer<\/strong>\u201c.<\/p>\n<p>Matthei afirm\u00f3 que Chile es un pa\u00eds moderno, que exige participaci\u00f3n amplia, y donde adem\u00e1s las mujeres han marchado masivamente para tener los mismos derechos que los hombres, por lo que sacarla mediante ese mecanismo ser\u00eda\u00a0<strong>\u201cinaceptable\u201d<\/strong>.<\/p>\n<p>\u201cLo quiero decir fuerte y claro ahora, antes que empiece a cundir esta sensaci\u00f3n de que de nosotros tiene que ir uno solo. No lo voy a aceptar\u201d, culmin\u00f3.<\/p>\n","protected":false},"excerpt":{"rendered":"<p>La exsenadora y eventual precandidata presidencial por la UDI, Evelyn Matthei, se refiri\u00f3 \u2013 con descontento- sobre la posibilidad de que haya una primaria en&hellip; <\/p>\n","protected":false},"author":2,"featured_media":35528,"comment_status":"open","ping_status":"closed","sticky":false,"template":"","format":"standard","meta":{"footnotes":""},"categories":[37],"tags":[],"class_list":["post-35527","post","type-post","status-publish","format-standard","has-post-thumbnail","hentry","category-nacional"],"_links":{"self":[{"href":"https:\/\/www.radioamigavallenar.cl\/index.php?rest_route=\/wp\/v2\/posts\/35527","targetHints":{"allow":["GET"]}}],"collection":[{"href":"https:\/\/www.radioamigavallenar.cl\/index.php?rest_route=\/wp\/v2\/posts"}],"about":[{"href":"https:\/\/www.radioamigavallenar.cl\/index.php?rest_route=\/wp\/v2\/types\/post"}],"author":[{"embeddable":true,"href":"https:\/\/www.radioamigavallenar.cl\/index.php?rest_route=\/wp\/v2\/users\/2"}],"replies":[{"embeddable":true,"href":"https:\/\/www.radioamigavallenar.cl\/index.php?rest_route=%2Fwp%2Fv2%2Fcomments&post=35527"}],"version-history":[{"count":1,"href":"https:\/\/www.radioamigavallenar.cl\/index.php?rest_route=\/wp\/v2\/posts\/35527\/revisions"}],"predecessor-version":[{"id":35529,"href":"https:\/\/www.radioamigavallenar.cl\/index.php?rest_route=\/wp\/v2\/posts\/35527\/revisions\/35529"}],"wp:featuredmedia":[{"embeddable":true,"href":"https:\/\/www.radioamigavallenar.cl\/index.php?rest_route=\/wp\/v2\/media\/35528"}],"wp:attachment":[{"href":"https:\/\/www.radioamigavallenar.cl\/index.php?rest_route=%2Fwp%2Fv2%2Fmedia&parent=35527"}],"wp:term":[{"taxonomy":"category","embeddable":true,"href":"https:\/\/www.radioamigavallenar.cl\/index.php?rest_route=%2Fwp%2Fv2%2Fcategories&post=35527"},{"taxonomy":"post_tag","embeddable":true,"href":"https:\/\/www.radioamigavallenar.cl\/index.php?rest_route=%2Fwp%2Fv2%2Ftags&post=35527"}],"curies":[{"name":"wp","href":"https:\/\/api.w.org\/{rel}","templated":true}]}}