{"id":35524,"date":"2021-02-03T11:52:28","date_gmt":"2021-02-03T14:52:28","guid":{"rendered":"https:\/\/www.radioamigavallenar.cl\/?p=35524"},"modified":"2021-02-03T11:52:28","modified_gmt":"2021-02-03T14:52:28","slug":"ministro-de-salud-reitera-la-seguridad-y-eficacia-de-vacuna-sinovac-y-recrimina-a-aquellos-que-desestiman-al-componente","status":"publish","type":"post","link":"https:\/\/www.radioamigavallenar.cl\/?p=35524","title":{"rendered":"Ministro de Salud reitera la seguridad y eficacia de vacuna Sinovac y recrimina a aquellos que desestiman al componente"},"content":{"rendered":"<p>En el marco del inicio del Plan de Vacunaci\u00f3n en la comuna de Santiago, el jefe de la cartera, Enrique Paris asegur\u00f3 que los antivacunas est\u00e1n confundiendo a la poblaci\u00f3n en este momento importante.<\/p>\n<p>En el marco del inicio del Plan de Vacunaci\u00f3n en la comuna de Santiago, el ministro de Salud, Enrique Paris demostr\u00f3 su descontento con aquellas personas que ponen en duda la eficacia del componente Sinovac y que sostienen que no debe ser administrada en mayores de 65 a\u00f1os.<\/p>\n<p>\u00abLa vacuna es capaz de producir anticuerpos, nunca se puso en duda la efectividad de la vacuna, ese no fue el punto. Todo el Instituto de Salud P\u00fablica en masa aprob\u00f3 la seguridad de la vacuna. Me llama mucho la atenci\u00f3n quienes hacen circular esa informaci\u00f3n\u00bb, asever\u00f3 el ministro de Salud.<\/p>\n<p>A ra\u00edz de esto, el jefe de la cartera reafirm\u00f3 la eficacia de las vacunas en mayores de 65 a\u00f1os, lo cual fue comprobado por el Instituto de Salud P\u00fablica (ISP), asegurando que la decisi\u00f3n est\u00e1 basada en los estudios de los expertos chilenos y de pa\u00edses como Turqu\u00eda, Indonesia, Brasil y China. \u00abEl grupo de expertos del ISP autoriz\u00f3 la vacuna para mayores de 18 a\u00f1os. Nosotros revisamos y eso y revisando la literatura de otros pa\u00edses llegamos al acuerdo de que se pod\u00eda aplicar a mayores de 65 a\u00f1os\u00bb, recalc\u00f3 el ministro Paris.<\/p>\n<p>Adem\u00e1s, asegur\u00f3 que el equipo de expertos del Minsal fueron quienes recomendaron que la vacuna deb\u00eda ser administrada a mayores de 65 a\u00f1os. \u00abLa vacuna ha demostrado que en un 100% evita la hospitalizaci\u00f3n justamente de adultos mayores. El equipo de expertos en pandemia del Minsal nos insisti\u00f3 hasta el cansancio que deb\u00edamos vacunar a adultos mayores\u00bb.<\/p>\n<p>Finalmente, el ministro de Salud hizo un llamada a aquellas personas que difunden dudas sobre el componente Sinovac. \u00abLo \u00fanico que hacen es confundir a la poblaci\u00f3n en circunstancias que debemos estar unidos, trabajando juntos porque lo m\u00e1s importante es salvar la vida de las personas\u00bb.<\/p>\n","protected":false},"excerpt":{"rendered":"<p>En el marco del inicio del Plan de Vacunaci\u00f3n en la comuna de Santiago, el jefe de la cartera, Enrique Paris asegur\u00f3 que los antivacunas&hellip; <\/p>\n","protected":false},"author":2,"featured_media":35525,"comment_status":"open","ping_status":"closed","sticky":false,"template":"","format":"standard","meta":{"footnotes":""},"categories":[37],"tags":[],"class_list":["post-35524","post","type-post","status-publish","format-standard","has-post-thumbnail","hentry","category-nacional"],"_links":{"self":[{"href":"https:\/\/www.radioamigavallenar.cl\/index.php?rest_route=\/wp\/v2\/posts\/35524","targetHints":{"allow":["GET"]}}],"collection":[{"href":"https:\/\/www.radioamigavallenar.cl\/index.php?rest_route=\/wp\/v2\/posts"}],"about":[{"href":"https:\/\/www.radioamigavallenar.cl\/index.php?rest_route=\/wp\/v2\/types\/post"}],"author":[{"embeddable":true,"href":"https:\/\/www.radioamigavallenar.cl\/index.php?rest_route=\/wp\/v2\/users\/2"}],"replies":[{"embeddable":true,"href":"https:\/\/www.radioamigavallenar.cl\/index.php?rest_route=%2Fwp%2Fv2%2Fcomments&post=35524"}],"version-history":[{"count":1,"href":"https:\/\/www.radioamigavallenar.cl\/index.php?rest_route=\/wp\/v2\/posts\/35524\/revisions"}],"predecessor-version":[{"id":35526,"href":"https:\/\/www.radioamigavallenar.cl\/index.php?rest_route=\/wp\/v2\/posts\/35524\/revisions\/35526"}],"wp:featuredmedia":[{"embeddable":true,"href":"https:\/\/www.radioamigavallenar.cl\/index.php?rest_route=\/wp\/v2\/media\/35525"}],"wp:attachment":[{"href":"https:\/\/www.radioamigavallenar.cl\/index.php?rest_route=%2Fwp%2Fv2%2Fmedia&parent=35524"}],"wp:term":[{"taxonomy":"category","embeddable":true,"href":"https:\/\/www.radioamigavallenar.cl\/index.php?rest_route=%2Fwp%2Fv2%2Fcategories&post=35524"},{"taxonomy":"post_tag","embeddable":true,"href":"https:\/\/www.radioamigavallenar.cl\/index.php?rest_route=%2Fwp%2Fv2%2Ftags&post=35524"}],"curies":[{"name":"wp","href":"https:\/\/api.w.org\/{rel}","templated":true}]}}