{"id":35522,"date":"2021-02-03T11:49:28","date_gmt":"2021-02-03T14:49:28","guid":{"rendered":"https:\/\/www.radioamigavallenar.cl\/?p=35522"},"modified":"2021-02-03T13:04:46","modified_gmt":"2021-02-03T16:04:46","slug":"atacama-reporto-en-las-ultimas-horas-53-nuevos-casos-de-coronavirus","status":"publish","type":"post","link":"https:\/\/www.radioamigavallenar.cl\/?p=35522","title":{"rendered":"Atacama report\u00f3 en las \u00faltimas horas 53 nuevos casos de Coronavirus"},"content":{"rendered":"<p>El Minsal inform\u00f3 este mi\u00e9rcoles un total de 53 nuevos casos de Coronavirus en la regi\u00f3n, de ellos 22 fueron casos sintom\u00e1ticos y 31 sin s\u00edntomas, adem\u00e1s se reportaron en las \u00faltimas horas 453 casos activos en toda la regi\u00f3n.<\/p>\n<p><a href=\"https:\/\/www.radioamigavallenar.cl\/wp-content\/uploads\/2021\/02\/EtUAFjtXYAY9mz_.jpg\"><img loading=\"lazy\" decoding=\"async\" class=\" wp-image-35545 aligncenter\" src=\"https:\/\/www.radioamigavallenar.cl\/wp-content\/uploads\/2021\/02\/EtUAFjtXYAY9mz_-300x300.jpg\" alt=\"\" width=\"588\" height=\"588\" \/><\/a><\/p>\n<p>Con ello Atacama alcanza a la fecha los 10.426 casos acumulados de la enfermedad.<\/p>\n","protected":false},"excerpt":{"rendered":"<p>El Minsal inform\u00f3 este mi\u00e9rcoles un total de 53 nuevos casos de Coronavirus en la regi\u00f3n, de ellos 22 fueron casos sintom\u00e1ticos y 31 sin&hellip; <\/p>\n","protected":false},"author":2,"featured_media":33026,"comment_status":"open","ping_status":"closed","sticky":false,"template":"","format":"standard","meta":{"footnotes":""},"categories":[38],"tags":[],"class_list":["post-35522","post","type-post","status-publish","format-standard","has-post-thumbnail","hentry","category-portada-regional"],"_links":{"self":[{"href":"https:\/\/www.radioamigavallenar.cl\/index.php?rest_route=\/wp\/v2\/posts\/35522","targetHints":{"allow":["GET"]}}],"collection":[{"href":"https:\/\/www.radioamigavallenar.cl\/index.php?rest_route=\/wp\/v2\/posts"}],"about":[{"href":"https:\/\/www.radioamigavallenar.cl\/index.php?rest_route=\/wp\/v2\/types\/post"}],"author":[{"embeddable":true,"href":"https:\/\/www.radioamigavallenar.cl\/index.php?rest_route=\/wp\/v2\/users\/2"}],"replies":[{"embeddable":true,"href":"https:\/\/www.radioamigavallenar.cl\/index.php?rest_route=%2Fwp%2Fv2%2Fcomments&post=35522"}],"version-history":[{"count":2,"href":"https:\/\/www.radioamigavallenar.cl\/index.php?rest_route=\/wp\/v2\/posts\/35522\/revisions"}],"predecessor-version":[{"id":35546,"href":"https:\/\/www.radioamigavallenar.cl\/index.php?rest_route=\/wp\/v2\/posts\/35522\/revisions\/35546"}],"wp:featuredmedia":[{"embeddable":true,"href":"https:\/\/www.radioamigavallenar.cl\/index.php?rest_route=\/wp\/v2\/media\/33026"}],"wp:attachment":[{"href":"https:\/\/www.radioamigavallenar.cl\/index.php?rest_route=%2Fwp%2Fv2%2Fmedia&parent=35522"}],"wp:term":[{"taxonomy":"category","embeddable":true,"href":"https:\/\/www.radioamigavallenar.cl\/index.php?rest_route=%2Fwp%2Fv2%2Fcategories&post=35522"},{"taxonomy":"post_tag","embeddable":true,"href":"https:\/\/www.radioamigavallenar.cl\/index.php?rest_route=%2Fwp%2Fv2%2Ftags&post=35522"}],"curies":[{"name":"wp","href":"https:\/\/api.w.org\/{rel}","templated":true}]}}