{"id":35519,"date":"2021-02-03T11:19:44","date_gmt":"2021-02-03T14:19:44","guid":{"rendered":"https:\/\/www.radioamigavallenar.cl\/?p=35519"},"modified":"2021-02-03T11:19:44","modified_gmt":"2021-02-03T14:19:44","slug":"pinera-por-inicio-del-plan-de-vacunacion-no-significa-que-la-pandemia-haya-terminado","status":"publish","type":"post","link":"https:\/\/www.radioamigavallenar.cl\/?p=35519","title":{"rendered":"Pi\u00f1era por inicio del plan de vacunaci\u00f3n: \u00abNo significa que la pandemia haya terminado\u00bb"},"content":{"rendered":"<p>El presidente Sebasti\u00e1n Pi\u00f1era lleg\u00f3 hasta Futrono, en la regi\u00f3n de Los R\u00edos, donde particip\u00f3 del proceso de vacunaci\u00f3n que inicia este mi\u00e9rcoles con adultos mayores de 90 a\u00f1os o m\u00e1s.<\/p>\n<p>En el lugar particip\u00f3 de la inoculaci\u00f3n de una adulta mayor y dos funcionarios de salud.<\/p>\n<p>Durante el punto de prensa, el mandatario enfatiz\u00f3 en que el inicio del plan de vacunaci\u00f3n ha sido una \u201cepopeya\u201d, pero no significa que la pandemia haya terminado.<\/p>\n<p>\u201cApunta a vacunar al grueso de la poblaci\u00f3n de riesgo, aproximadamente a cinco millones de personas. Estamos hablando de los trabajadores de la salud, adultos mayores, enfermos cr\u00f3nicos, trabajadores esenciales y funciones cr\u00edticas, en el primer trimestre de este a\u00f1o\u201d, a\u00f1adi\u00f3.<\/p>\n<p>El presidente agreg\u00f3 que tambi\u00e9n apunta a vacunar a la mayor parte de la poblaci\u00f3n objetivo, es decir mayores de 18 a\u00f1os, excluyendo a mujeres embarazadas. Esto tambi\u00e9n ocurrir\u00eda el primer semestre seg\u00fan el plan de vacunaci\u00f3n.<\/p>\n<p>En el discurso llam\u00f3 a la colaboraci\u00f3n de los organismos pertinentes y de la ciudadan\u00eda. \u201cNunca antes Chile hab\u00eda enfrentado un desaf\u00edo como este, lo que m\u00e1s se hab\u00eda logrado vacunar eran ocho millones de personas, ahora nos hemos propuesto duplicar esta meta\u201d, enfatiz\u00f3.<\/p>\n<p>Recalc\u00f3 que el proceso se realizar\u00e1 por etapa en base a prioridades, partiendo por el personal de salud, luego adultos mayores, continuando con enfermos cr\u00f3nicos, quienes desempe\u00f1as funciones cr\u00edticas y finalmente el resto de la poblaci\u00f3n, en espec\u00edfico mayores de 18 a\u00f1os.<\/p>\n<p>Otro punto en el que se detuvo Sebasti\u00e1n Pi\u00f1era es que la vacuna es gratuita y voluntaria, y que ha sido certificada por organismo internacionales y por el Instituto de Salud P\u00fablica.<\/p>\n<p>En el caso de Sinovac, las personas deber\u00e1n recibir la segunda dosis 28 d\u00edas despu\u00e9s en el mismo lugar donde fue vacunado o en el Cesfam donde la persona est\u00e9 cuando le corresponda. Por este motivo cada persona recibir\u00e1 una tarjeta con los datos personales.<\/p>\n<p>Tambi\u00e9n se enviar\u00e1 un correo de recordatorio a las personas, que en este caso en su mayor\u00eda son adultos mayores.<\/p>\n","protected":false},"excerpt":{"rendered":"<p>El presidente Sebasti\u00e1n Pi\u00f1era lleg\u00f3 hasta Futrono, en la regi\u00f3n de Los R\u00edos, donde particip\u00f3 del proceso de vacunaci\u00f3n que inicia este mi\u00e9rcoles con adultos&hellip; <\/p>\n","protected":false},"author":2,"featured_media":35520,"comment_status":"open","ping_status":"closed","sticky":false,"template":"","format":"standard","meta":{"footnotes":""},"categories":[37],"tags":[],"class_list":["post-35519","post","type-post","status-publish","format-standard","has-post-thumbnail","hentry","category-nacional"],"_links":{"self":[{"href":"https:\/\/www.radioamigavallenar.cl\/index.php?rest_route=\/wp\/v2\/posts\/35519","targetHints":{"allow":["GET"]}}],"collection":[{"href":"https:\/\/www.radioamigavallenar.cl\/index.php?rest_route=\/wp\/v2\/posts"}],"about":[{"href":"https:\/\/www.radioamigavallenar.cl\/index.php?rest_route=\/wp\/v2\/types\/post"}],"author":[{"embeddable":true,"href":"https:\/\/www.radioamigavallenar.cl\/index.php?rest_route=\/wp\/v2\/users\/2"}],"replies":[{"embeddable":true,"href":"https:\/\/www.radioamigavallenar.cl\/index.php?rest_route=%2Fwp%2Fv2%2Fcomments&post=35519"}],"version-history":[{"count":1,"href":"https:\/\/www.radioamigavallenar.cl\/index.php?rest_route=\/wp\/v2\/posts\/35519\/revisions"}],"predecessor-version":[{"id":35521,"href":"https:\/\/www.radioamigavallenar.cl\/index.php?rest_route=\/wp\/v2\/posts\/35519\/revisions\/35521"}],"wp:featuredmedia":[{"embeddable":true,"href":"https:\/\/www.radioamigavallenar.cl\/index.php?rest_route=\/wp\/v2\/media\/35520"}],"wp:attachment":[{"href":"https:\/\/www.radioamigavallenar.cl\/index.php?rest_route=%2Fwp%2Fv2%2Fmedia&parent=35519"}],"wp:term":[{"taxonomy":"category","embeddable":true,"href":"https:\/\/www.radioamigavallenar.cl\/index.php?rest_route=%2Fwp%2Fv2%2Fcategories&post=35519"},{"taxonomy":"post_tag","embeddable":true,"href":"https:\/\/www.radioamigavallenar.cl\/index.php?rest_route=%2Fwp%2Fv2%2Ftags&post=35519"}],"curies":[{"name":"wp","href":"https:\/\/api.w.org\/{rel}","templated":true}]}}