{"id":35516,"date":"2021-02-03T10:36:33","date_gmt":"2021-02-03T13:36:33","guid":{"rendered":"https:\/\/www.radioamigavallenar.cl\/?p=35516"},"modified":"2021-02-03T10:36:33","modified_gmt":"2021-02-03T13:36:33","slug":"desafio-levantemos-chile-entrega-kits-para-personal-y-funcionarios-de-servicio-de-salud-de-atacama","status":"publish","type":"post","link":"https:\/\/www.radioamigavallenar.cl\/?p=35516","title":{"rendered":"Desaf\u00edo Levantemos Chile entrega kits para personal y funcionarios de servicio de salud de Atacama."},"content":{"rendered":"<p>Desde los inicios de esta pandemia, Desaf\u00edo Levantemos Chile ha estado en terreno trabajando para combatir y mitigar los efectos que el Coronavirus ha provocado. Las principales acciones han ido enfocadas a la descongesti\u00f3n de la red de salud p\u00fablica y, sobre todo, a apoyar a los sectores de mayor riesgo social de nuestro pa\u00eds.<\/p>\n<p>El d\u00eda de ayer el l\u00edder regional emprendimiento de la ONG Claudio Piazzoli, se reuni\u00f3 con el Director del Servicio de Salud de Atacama Claudio Baeza, a quien le hizo entrega de la donaci\u00f3n de kits de alcohol gel para su personal de salud, quienes comienzan la jornada de hoy con el proceso de vacunaci\u00f3n anunciado por el Gobierno.<\/p>\n<p>Piazzoli se\u00f1al\u00f3 \u201cUno de los principales principios de nuestra fundaci\u00f3n es poder colaborar la sociedad civil y el mundo p\u00fablico. Nosotros estamos para ser un puente en todo momento. Por lo mismo a trav\u00e9s de la donaci\u00f3n de Natura, hoy quisimos estar presentes y contribuir con el cuidado del personal de Salud, quienes llevan casi un a\u00f1o al servicio de todos los atacame\u00f1os. Cuidarlos es cuidarnos, y el alcohol gel es nuestra l\u00ednea de defensa y protecci\u00f3n como lo es el lavado frecuente de manos y la mascarilla. \u201c<\/p>\n<p>Por su parte el Director del Servicio de Salud Claudio Baeza, declar\u00f3 \u201c Estamos muy contentos como servicio de Salud y como red asistencial de esta donaci\u00f3n que efectu\u00f3 la fundaci\u00f3n Desaf\u00edo Levantemos Chile, son 200 kits de\u00a0 alcohol gel personales, que ser\u00e1n entregados a\u00a0 nuestros personal que se encuentra en terreno , esto\u00a0 nos permite continuar\u00a0 protegiendo a nuestros equipos y agradecemos estos tipos de aporte, porque considero que es\u00a0 un reconocimiento a la enorme labor que efect\u00faan d\u00eda tras d\u00eda, \u00a0nuestros funcionarios con vocaci\u00f3n por la ciudadan\u00eda. \u201c<\/p>\n<p>Cabe destacar que la fundaci\u00f3n Desaf\u00edo Levantemos Chile ha estado presente en 16 emergencias nacionales, buscando siempre soluciones eficientes por nuestro pa\u00eds.<\/p>\n","protected":false},"excerpt":{"rendered":"<p>Desde los inicios de esta pandemia, Desaf\u00edo Levantemos Chile ha estado en terreno trabajando para combatir y mitigar los efectos que el Coronavirus ha provocado.&hellip; <\/p>\n","protected":false},"author":2,"featured_media":35517,"comment_status":"open","ping_status":"closed","sticky":false,"template":"","format":"standard","meta":{"footnotes":""},"categories":[38],"tags":[],"class_list":["post-35516","post","type-post","status-publish","format-standard","has-post-thumbnail","hentry","category-portada-regional"],"_links":{"self":[{"href":"https:\/\/www.radioamigavallenar.cl\/index.php?rest_route=\/wp\/v2\/posts\/35516","targetHints":{"allow":["GET"]}}],"collection":[{"href":"https:\/\/www.radioamigavallenar.cl\/index.php?rest_route=\/wp\/v2\/posts"}],"about":[{"href":"https:\/\/www.radioamigavallenar.cl\/index.php?rest_route=\/wp\/v2\/types\/post"}],"author":[{"embeddable":true,"href":"https:\/\/www.radioamigavallenar.cl\/index.php?rest_route=\/wp\/v2\/users\/2"}],"replies":[{"embeddable":true,"href":"https:\/\/www.radioamigavallenar.cl\/index.php?rest_route=%2Fwp%2Fv2%2Fcomments&post=35516"}],"version-history":[{"count":1,"href":"https:\/\/www.radioamigavallenar.cl\/index.php?rest_route=\/wp\/v2\/posts\/35516\/revisions"}],"predecessor-version":[{"id":35518,"href":"https:\/\/www.radioamigavallenar.cl\/index.php?rest_route=\/wp\/v2\/posts\/35516\/revisions\/35518"}],"wp:featuredmedia":[{"embeddable":true,"href":"https:\/\/www.radioamigavallenar.cl\/index.php?rest_route=\/wp\/v2\/media\/35517"}],"wp:attachment":[{"href":"https:\/\/www.radioamigavallenar.cl\/index.php?rest_route=%2Fwp%2Fv2%2Fmedia&parent=35516"}],"wp:term":[{"taxonomy":"category","embeddable":true,"href":"https:\/\/www.radioamigavallenar.cl\/index.php?rest_route=%2Fwp%2Fv2%2Fcategories&post=35516"},{"taxonomy":"post_tag","embeddable":true,"href":"https:\/\/www.radioamigavallenar.cl\/index.php?rest_route=%2Fwp%2Fv2%2Ftags&post=35516"}],"curies":[{"name":"wp","href":"https:\/\/api.w.org\/{rel}","templated":true}]}}