{"id":35514,"date":"2021-02-03T10:35:11","date_gmt":"2021-02-03T13:35:11","guid":{"rendered":"https:\/\/www.radioamigavallenar.cl\/?p=35514"},"modified":"2021-02-03T10:35:11","modified_gmt":"2021-02-03T13:35:11","slug":"seremi-de-mineria-cristian-alvayai-invito-a-los-pequenos-mineros-regularizar-sus-faenas","status":"publish","type":"post","link":"https:\/\/www.radioamigavallenar.cl\/?p=35514","title":{"rendered":"Seremi de Miner\u00eda Cristian Alvayai invit\u00f3 a los peque\u00f1os mineros regularizar sus faenas"},"content":{"rendered":"<ul>\n<li><strong>El plan de explotaci\u00f3n y cierre es un requisito que los peque\u00f1os mineros y mineros artesanales deben cumplir para regularizar sus faenas y adem\u00e1s acceder a beneficios del Gobierno.\u00a0<\/strong><\/li>\n<\/ul>\n<p>Un llamado a regularizar faenas realiz\u00f3 el seremi de Miner\u00eda Cristian Alvayai en el marco de la implementaci\u00f3n y seguimiento de los proyectos que mediante el Fondo Nacional de Desarrollo Regional (FNDR), aprobados por el CORE de Atacama, est\u00e1 entregando recursos y equipamiento a la peque\u00f1a miner\u00eda y miner\u00eda artesanal.<\/p>\n<p>La regularizaci\u00f3n es un acto\u00a0administrativo que se realiza mediante la presentaci\u00f3n del Proyecto de Explotaci\u00f3n y Cierre (PEC), el cual se hace de forma gratuita y expedita por el equipo t\u00e9cnico de la Secretar\u00eda Regional Ministerial de Miner\u00eda. El beneficio se puede solicitar llamando al tel\u00e9fono 522212537 o acudiendo a Edificio Copayapu, calle Chacabuco 546 Piso 3 Oficina 31.<\/p>\n<p>\u201cEste a\u00f1o 2021 tenemos la gran prioridad de normalizar las faenas de nuestra regi\u00f3n. Significa poder hacer una modificaci\u00f3n del Proyecto de Explotaci\u00f3n y Plan de Cierre o crear un proyecto nuevo. El objetivo es avanzar hacia la meta del cero da\u00f1o hacia las personas y poder tener una regi\u00f3n libre de accidentes lo que es clave para que juntos podamos obtener mejores resultados en la peque\u00f1a miner\u00eda. Invito a todos los peque\u00f1os mineros que se normalicen, nuestro equipo t\u00e9cnico est\u00e1 a disposici\u00f3n de ellos\u201d, destac\u00f3 el seremi Cristian Alvayai.<\/p>\n<p>Para apoyar esta petici\u00f3n, Cristian Alvayai visit\u00f3 a uno de los mineros que por esta fecha est\u00e1 solicitando un PEC para ampliar su faena es Juan Gajardo de la mina Victoria 1 al 3 que se ubica en la sierra Jes\u00fas Mar\u00eda en la comuna de Copiap\u00f3. Gracias al FNDR, recibi\u00f3 un compresor con kit de perforaci\u00f3n y un campamento para mejorar las condiciones de habitabilidad de su faena.<\/p>\n<p>Una de las principales preocupaciones de Juan Gajardo es mantener su fuente laboral en regla, \u201cm\u00e1s que nada por la experiencia de lo que pas\u00f3 en la mina San Jos\u00e9 y queremos estar todo legalmente trabajando, tener todos esos implementos de seguridad y todos esos papeles en regla, tanto el Proyecto de Explotaci\u00f3n, Plan de Cierre y el tema del polvor\u00edn para trabajar legalmente\u201d, afirm\u00f3 el peque\u00f1o productor.<\/p>\n<p>Juan Gajardo tambi\u00e9n afirm\u00f3 que \u201cyo le digo a mis compa\u00f1eros que se atrevan a regularizar sus faenas, porque de no hacerlo es muy complicado cuando tienen un accidente minero. Por ello es necesario que re\u00fanan las condiciones para poder trabajar en la mina y se preocupen de regularizar a trav\u00e9s del seremi de Miner\u00eda, que da mucha ayuda en ese lugar\u201d.<\/p>\n<p>Este tipo de asesor\u00eda es entregada por los profesionales contratados por el FNDR de miner\u00eda y en especial por el Programa de Normalizaci\u00f3n de Faenas y Apoyo Productivo Para la Peque\u00f1a Miner\u00eda que funciona desde el a\u00f1o 2019, desde esa fecha ha entregado beneficios a 128 por m\u00e1s de $625 millones en obras y campamentos, los beneficiarios tambi\u00e9n han percibido este beneficio a trav\u00e9s de 175 Planes de Cierre y 128 asesor\u00edas t\u00e9cnicas.<\/p>\n<p>Debido a los buenos resultados obtenidos, los peque\u00f1os mineros esperan que el Consejo Regional (CORE) d\u00e9 continuidad al fondo que llegar\u00e1 a t\u00e9rmino en mayo de 2021.<\/p>\n","protected":false},"excerpt":{"rendered":"<p>El plan de explotaci\u00f3n y cierre es un requisito que los peque\u00f1os mineros y mineros artesanales deben cumplir para regularizar sus faenas y adem\u00e1s acceder&hellip; <\/p>\n","protected":false},"author":2,"featured_media":33717,"comment_status":"open","ping_status":"closed","sticky":false,"template":"","format":"standard","meta":{"footnotes":""},"categories":[7],"tags":[],"class_list":["post-35514","post","type-post","status-publish","format-standard","has-post-thumbnail","hentry","category-atacama"],"_links":{"self":[{"href":"https:\/\/www.radioamigavallenar.cl\/index.php?rest_route=\/wp\/v2\/posts\/35514","targetHints":{"allow":["GET"]}}],"collection":[{"href":"https:\/\/www.radioamigavallenar.cl\/index.php?rest_route=\/wp\/v2\/posts"}],"about":[{"href":"https:\/\/www.radioamigavallenar.cl\/index.php?rest_route=\/wp\/v2\/types\/post"}],"author":[{"embeddable":true,"href":"https:\/\/www.radioamigavallenar.cl\/index.php?rest_route=\/wp\/v2\/users\/2"}],"replies":[{"embeddable":true,"href":"https:\/\/www.radioamigavallenar.cl\/index.php?rest_route=%2Fwp%2Fv2%2Fcomments&post=35514"}],"version-history":[{"count":1,"href":"https:\/\/www.radioamigavallenar.cl\/index.php?rest_route=\/wp\/v2\/posts\/35514\/revisions"}],"predecessor-version":[{"id":35515,"href":"https:\/\/www.radioamigavallenar.cl\/index.php?rest_route=\/wp\/v2\/posts\/35514\/revisions\/35515"}],"wp:featuredmedia":[{"embeddable":true,"href":"https:\/\/www.radioamigavallenar.cl\/index.php?rest_route=\/wp\/v2\/media\/33717"}],"wp:attachment":[{"href":"https:\/\/www.radioamigavallenar.cl\/index.php?rest_route=%2Fwp%2Fv2%2Fmedia&parent=35514"}],"wp:term":[{"taxonomy":"category","embeddable":true,"href":"https:\/\/www.radioamigavallenar.cl\/index.php?rest_route=%2Fwp%2Fv2%2Fcategories&post=35514"},{"taxonomy":"post_tag","embeddable":true,"href":"https:\/\/www.radioamigavallenar.cl\/index.php?rest_route=%2Fwp%2Fv2%2Ftags&post=35514"}],"curies":[{"name":"wp","href":"https:\/\/api.w.org\/{rel}","templated":true}]}}