{"id":35511,"date":"2021-02-03T10:33:11","date_gmt":"2021-02-03T13:33:11","guid":{"rendered":"https:\/\/www.radioamigavallenar.cl\/?p=35511"},"modified":"2021-02-03T10:33:11","modified_gmt":"2021-02-03T13:33:11","slug":"jovenes-buscan-solucion-al-enterarse-que-los-humedales-se-veian-amenazados","status":"publish","type":"post","link":"https:\/\/www.radioamigavallenar.cl\/?p=35511","title":{"rendered":"J\u00f3venes buscan soluci\u00f3n al enterarse que los humedales se ve\u00edan amenazados"},"content":{"rendered":"<p>Cada 2 de febrero se conmemora el d\u00eda internacional de los Humedales un ecosistema donde el agua es el principal factor controlador del medio, definiendo su vegetaci\u00f3n y fauna, la cual en las \u00faltimas semanas se ha visto afectado por la extracci\u00f3n inapropiada de agua y mucha basura alrededor de uno de estos humedales en Atacama.<\/p>\n<p>A ra\u00edz de la situaci\u00f3n los j\u00f3venes voluntarios de Injuv, no quedaron indiferentes tras ver que en menos de un mes personas atentaban contra los humedales y tras conversar con su directora regional determinaron instalar se\u00f1al\u00e9tica de la campa\u00f1a \u201cLa basura no vuelve sola\u201d y un operativo de limpieza en el cual recogieron 50 kilos de basura.<\/p>\n<p>Para la directora de Injuv Francisca Z\u00e1rate \u201cLos humedales corresponden a sistemas ecol\u00f3gicos de gran relevancia, no solo por la gran biodiversidad de flora y fauna que poseen, sino tambi\u00e9n por la reserva de agua dulce que representan para nuestra regi\u00f3n, debemos ser conscientes que toda la basura que algunas personas arrojan en la calle puede terminar en estos lugares, pero tambi\u00e9n que estos lugares no se debe venir hacer asados o tomar alcohol y dejar latas, botellas, colillas y hasta pa\u00f1ales tirados. Invitamos a todas las personas que de una buena vez nos hagamos cargo, entre todos de cuidar nuestro entorno regional. \u201c<\/p>\n<p>Por su parte el joven voluntario Andr\u00e9s Cereceda se\u00f1al\u00f3 \u201ccuidar nuestros humedales es responsabilidad de todos quienes vivimos en Atacama, porque ellos pueden salvarnos de nuevas cat\u00e1strofes, estos act\u00faan como esponjas que van absorbiendo las precipitaciones reduciendo las crecidas de r\u00edos, porque son filtros naturales que depuran el agua contaminada, reciclan y procesan nutrientes y capturan m\u00e1s de 10 veces CO2 , por lo mismo nosotros como regi\u00f3n debemos cuidar lo que tenemos y denunciar aquellos que se saltan las normativas. \u201c<\/p>\n<p>Cabe destacar que Atacama cuenta con humedales en el Parque Nacional Nevado Tres Cruces, Humedal Costero de Carrizal Bajo y los humedales generados en las desembocaduras del Rio Copiap\u00f3 y Huasco.<\/p>\n","protected":false},"excerpt":{"rendered":"<p>Cada 2 de febrero se conmemora el d\u00eda internacional de los Humedales un ecosistema donde el agua es el principal factor controlador del medio, definiendo&hellip; <\/p>\n","protected":false},"author":2,"featured_media":35512,"comment_status":"open","ping_status":"closed","sticky":false,"template":"","format":"standard","meta":{"footnotes":""},"categories":[7],"tags":[],"class_list":["post-35511","post","type-post","status-publish","format-standard","has-post-thumbnail","hentry","category-atacama"],"_links":{"self":[{"href":"https:\/\/www.radioamigavallenar.cl\/index.php?rest_route=\/wp\/v2\/posts\/35511","targetHints":{"allow":["GET"]}}],"collection":[{"href":"https:\/\/www.radioamigavallenar.cl\/index.php?rest_route=\/wp\/v2\/posts"}],"about":[{"href":"https:\/\/www.radioamigavallenar.cl\/index.php?rest_route=\/wp\/v2\/types\/post"}],"author":[{"embeddable":true,"href":"https:\/\/www.radioamigavallenar.cl\/index.php?rest_route=\/wp\/v2\/users\/2"}],"replies":[{"embeddable":true,"href":"https:\/\/www.radioamigavallenar.cl\/index.php?rest_route=%2Fwp%2Fv2%2Fcomments&post=35511"}],"version-history":[{"count":1,"href":"https:\/\/www.radioamigavallenar.cl\/index.php?rest_route=\/wp\/v2\/posts\/35511\/revisions"}],"predecessor-version":[{"id":35513,"href":"https:\/\/www.radioamigavallenar.cl\/index.php?rest_route=\/wp\/v2\/posts\/35511\/revisions\/35513"}],"wp:featuredmedia":[{"embeddable":true,"href":"https:\/\/www.radioamigavallenar.cl\/index.php?rest_route=\/wp\/v2\/media\/35512"}],"wp:attachment":[{"href":"https:\/\/www.radioamigavallenar.cl\/index.php?rest_route=%2Fwp%2Fv2%2Fmedia&parent=35511"}],"wp:term":[{"taxonomy":"category","embeddable":true,"href":"https:\/\/www.radioamigavallenar.cl\/index.php?rest_route=%2Fwp%2Fv2%2Fcategories&post=35511"},{"taxonomy":"post_tag","embeddable":true,"href":"https:\/\/www.radioamigavallenar.cl\/index.php?rest_route=%2Fwp%2Fv2%2Ftags&post=35511"}],"curies":[{"name":"wp","href":"https:\/\/api.w.org\/{rel}","templated":true}]}}