{"id":35507,"date":"2021-02-03T06:00:40","date_gmt":"2021-02-03T09:00:40","guid":{"rendered":"https:\/\/www.radioamigavallenar.cl\/?p=35507"},"modified":"2021-02-02T22:21:27","modified_gmt":"2021-02-03T01:21:27","slug":"santuario-de-la-candelaria-de-copiapo-celebro-virtualmente-la-tradicional-procesion-de-las-candelas-y-vigilia","status":"publish","type":"post","link":"https:\/\/www.radioamigavallenar.cl\/?p=35507","title":{"rendered":"Santuario de La Candelaria de Copiap\u00f3 celebr\u00f3 virtualmente la tradicional procesi\u00f3n de las Candelas y Vigilia"},"content":{"rendered":"<p>Completamente virtual fue la bendici\u00f3n de las Candelas, la noche del 1 de febrero, en el Santuario de La Candelaria de Copiap\u00f3. La celebraci\u00f3n fue presidida por Mons. Ricardo Morales, y comenz\u00f3 con el templo pr\u00e1cticamente a oscuras, hasta el encendido del cirio pascual, signo de la luz de Cristo. En su reflexi\u00f3n, el obispo invit\u00f3 a poner \u201ca los pies de la Virgen todo aquello que nos acongoja y entristece, que nos preocupa, as\u00ed no dejaremos de tener encendida esta luz en nuestras manos\u201d.<\/p>\n<p>La tradicional Procesi\u00f3n de Las Candelas finaliz\u00f3 a medianoche, con el saludo a la Virgen en el d\u00eda de la Fiesta. La transmisi\u00f3n present\u00f3 videos con los saludos de los jefes de las Asociaciones de Bailes y del Jefe General.<\/p>\n<p style=\"text-align: center;\"><strong>Compasi\u00f3n con uno mismo y con los dem\u00e1s<\/strong><\/p>\n<p>M\u00e1s temprano, al celebrar la misa, el obispo invit\u00f3 a ser compasivo con uno mismo, y con el otro, \u201ccon tu hermano, en tu familia, con los tuyos. Esa misi\u00f3n es mucho m\u00e1s importante y m\u00e1s dif\u00edcil que la que uno puede hacer en la calle; en tu casa es donde tienes que vivir el perd\u00f3n\u201d.<\/p>\n<p style=\"text-align: center;\"><strong>El Estado debe garantizar el bien com\u00fan<\/strong><\/p>\n<p>En su catequesis sobre la Fratelli Tutti, el obispo llam\u00f3 a trabajar por el bien com\u00fan. \u201cEn nuestra patria a veces se persiguen bienes particulares, se depreda la naturaleza sin ning\u00fan control, destruyendo bienes que no son propiedad de unos pocos sino de todos, por ejemplo, el agua\u201d. Dijo que \u201cel Estado debe garantizar la cohesi\u00f3n, la unidad y la organizaci\u00f3n de la sociedad civil de modo que se pueda lograr el bien com\u00fan, porque la persona, la familia, no puede alcanzar por s\u00ed mismo su pleno desarrollo, de ah\u00ed deriva la necesidad de las instituciones pol\u00edticas, cuyo fin es hacer accesible a las personas los bienes materiales, culturales, morales y espirituales, para gozar de una vida aut\u00e9nticamente humana\u201d. Invit\u00f3 a participar en las elecciones: \u201cEl ejercicio del voto es el del bien com\u00fan, porque elegir autoridades es precisamente buscar el bien com\u00fan entre todos\u201d.<\/p>\n","protected":false},"excerpt":{"rendered":"<p>Completamente virtual fue la bendici\u00f3n de las Candelas, la noche del 1 de febrero, en el Santuario de La Candelaria de Copiap\u00f3. La celebraci\u00f3n fue&hellip; <\/p>\n","protected":false},"author":2,"featured_media":19564,"comment_status":"open","ping_status":"closed","sticky":false,"template":"","format":"standard","meta":{"footnotes":""},"categories":[7],"tags":[],"class_list":["post-35507","post","type-post","status-publish","format-standard","has-post-thumbnail","hentry","category-atacama"],"_links":{"self":[{"href":"https:\/\/www.radioamigavallenar.cl\/index.php?rest_route=\/wp\/v2\/posts\/35507","targetHints":{"allow":["GET"]}}],"collection":[{"href":"https:\/\/www.radioamigavallenar.cl\/index.php?rest_route=\/wp\/v2\/posts"}],"about":[{"href":"https:\/\/www.radioamigavallenar.cl\/index.php?rest_route=\/wp\/v2\/types\/post"}],"author":[{"embeddable":true,"href":"https:\/\/www.radioamigavallenar.cl\/index.php?rest_route=\/wp\/v2\/users\/2"}],"replies":[{"embeddable":true,"href":"https:\/\/www.radioamigavallenar.cl\/index.php?rest_route=%2Fwp%2Fv2%2Fcomments&post=35507"}],"version-history":[{"count":1,"href":"https:\/\/www.radioamigavallenar.cl\/index.php?rest_route=\/wp\/v2\/posts\/35507\/revisions"}],"predecessor-version":[{"id":35508,"href":"https:\/\/www.radioamigavallenar.cl\/index.php?rest_route=\/wp\/v2\/posts\/35507\/revisions\/35508"}],"wp:featuredmedia":[{"embeddable":true,"href":"https:\/\/www.radioamigavallenar.cl\/index.php?rest_route=\/wp\/v2\/media\/19564"}],"wp:attachment":[{"href":"https:\/\/www.radioamigavallenar.cl\/index.php?rest_route=%2Fwp%2Fv2%2Fmedia&parent=35507"}],"wp:term":[{"taxonomy":"category","embeddable":true,"href":"https:\/\/www.radioamigavallenar.cl\/index.php?rest_route=%2Fwp%2Fv2%2Fcategories&post=35507"},{"taxonomy":"post_tag","embeddable":true,"href":"https:\/\/www.radioamigavallenar.cl\/index.php?rest_route=%2Fwp%2Fv2%2Ftags&post=35507"}],"curies":[{"name":"wp","href":"https:\/\/api.w.org\/{rel}","templated":true}]}}