{"id":35504,"date":"2021-02-03T06:00:40","date_gmt":"2021-02-03T09:00:40","guid":{"rendered":"https:\/\/www.radioamigavallenar.cl\/?p=35504"},"modified":"2021-02-02T22:19:19","modified_gmt":"2021-02-03T01:19:19","slug":"jvrh-difunde-nuevo-proceso-de-cesion-de-derechos-de-agua-del-embalse-santa-juana","status":"publish","type":"post","link":"https:\/\/www.radioamigavallenar.cl\/?p=35504","title":{"rendered":"JVRH difunde nuevo proceso de cesi\u00f3n de derechos de agua del Embalse Santa Juana"},"content":{"rendered":"<p>La Junta de Vigilancia \u00a0de la Cuenca del R\u00edo Huasco y sus Afluentes (JVRH) culmin\u00f3\u00a0 el ciclo de reuniones con los presidentes de los canales del tramo 4, \u00a0en esta oportunidad adem\u00e1s de dar a conocer cu\u00e1les son los alcances y objetivos del Programa de Fortalecimiento del Embalse Santa Juana (ESJ); que lidera la Abogada Mari\u00f3n Espinoza, se cont\u00f3 con la participaci\u00f3n de Amadeo Monsalve, Jefe del Proyecto de Instalaci\u00f3n de Compuertas Computarizadas de la JVRH y Jos\u00e9 Espinoza Ge\u00f3logo de la JVRH, quienes aclararon dudas sobre telemetr\u00eda y la implementaci\u00f3n de\u00a0 tecnolog\u00eda que se est\u00e1 desarrollando en los canales del Huasco, para poder medir y controlar el flujo de agua que entra a cada canal, d\u00e1ndole un uso m\u00e1s eficiente al recurso h\u00eddrico.<\/p>\n<p>Cabe destacar que en este ciclo de reuniones con el tramo 4 se logr\u00f3 dar difusi\u00f3n al proceso de cesi\u00f3n de derechos del ESJ y la obtenci\u00f3n de los derechos eventuales de aprovechamiento de aguas, convocando a 7 representantes de Canales entre los que se cuentan: Carlos Salazar, presidente del Canal San Jos\u00e9; Juan Mu\u00f1oz, presidente Canal Nicolasa; Pedro Mu\u00f1oz, presidente Canal Garc\u00eda y Campusano; \u00c1ngel Ponce, presidente Canal Tatara, Gregorio Gonzalez, Presidente Canal Cachina, Fernando Godoy presidente del Canal Las Tablas y Daniela Bruzzone en representaci\u00f3n del Canal Castillo.<\/p>\n<p>Daniela Bruzzone, se mostr\u00f3 muy conforme con los temas abordados se\u00f1alando lo siguiente:: \u201cme pareci\u00f3 interesante la forma como se abord\u00f3 esta reuni\u00f3n, para trasparentar el uso de la telemetr\u00eda en las compuertas, donde yo part\u00ed teniendo una negativa ante el proceso, pero lograron explicarme muy bien el uso de las compuertas, para aumentar la eficiencia en el uso del agua, permiti\u00e9ndome tener una muy buena opini\u00f3n sabiendo que el futuro se viene bastante positivo con estas medidas; asegurando el recurso h\u00eddrico. Sobre la exposici\u00f3n que hizo la abogada, Mari\u00f3n Espinoza, estaba muy bien informada y me parece excelente que las mujeres, empiecen a tomar posesi\u00f3n en el mundo de la agricultura\u201d.<\/p>\n","protected":false},"excerpt":{"rendered":"<p>La Junta de Vigilancia \u00a0de la Cuenca del R\u00edo Huasco y sus Afluentes (JVRH) culmin\u00f3\u00a0 el ciclo de reuniones con los presidentes de los canales&hellip; <\/p>\n","protected":false},"author":2,"featured_media":35505,"comment_status":"open","ping_status":"closed","sticky":false,"template":"","format":"standard","meta":{"footnotes":""},"categories":[7],"tags":[],"class_list":["post-35504","post","type-post","status-publish","format-standard","has-post-thumbnail","hentry","category-atacama"],"_links":{"self":[{"href":"https:\/\/www.radioamigavallenar.cl\/index.php?rest_route=\/wp\/v2\/posts\/35504","targetHints":{"allow":["GET"]}}],"collection":[{"href":"https:\/\/www.radioamigavallenar.cl\/index.php?rest_route=\/wp\/v2\/posts"}],"about":[{"href":"https:\/\/www.radioamigavallenar.cl\/index.php?rest_route=\/wp\/v2\/types\/post"}],"author":[{"embeddable":true,"href":"https:\/\/www.radioamigavallenar.cl\/index.php?rest_route=\/wp\/v2\/users\/2"}],"replies":[{"embeddable":true,"href":"https:\/\/www.radioamigavallenar.cl\/index.php?rest_route=%2Fwp%2Fv2%2Fcomments&post=35504"}],"version-history":[{"count":1,"href":"https:\/\/www.radioamigavallenar.cl\/index.php?rest_route=\/wp\/v2\/posts\/35504\/revisions"}],"predecessor-version":[{"id":35506,"href":"https:\/\/www.radioamigavallenar.cl\/index.php?rest_route=\/wp\/v2\/posts\/35504\/revisions\/35506"}],"wp:featuredmedia":[{"embeddable":true,"href":"https:\/\/www.radioamigavallenar.cl\/index.php?rest_route=\/wp\/v2\/media\/35505"}],"wp:attachment":[{"href":"https:\/\/www.radioamigavallenar.cl\/index.php?rest_route=%2Fwp%2Fv2%2Fmedia&parent=35504"}],"wp:term":[{"taxonomy":"category","embeddable":true,"href":"https:\/\/www.radioamigavallenar.cl\/index.php?rest_route=%2Fwp%2Fv2%2Fcategories&post=35504"},{"taxonomy":"post_tag","embeddable":true,"href":"https:\/\/www.radioamigavallenar.cl\/index.php?rest_route=%2Fwp%2Fv2%2Ftags&post=35504"}],"curies":[{"name":"wp","href":"https:\/\/api.w.org\/{rel}","templated":true}]}}