{"id":35502,"date":"2021-02-03T06:00:25","date_gmt":"2021-02-03T09:00:25","guid":{"rendered":"https:\/\/www.radioamigavallenar.cl\/?p=35502"},"modified":"2021-02-02T22:18:26","modified_gmt":"2021-02-03T01:18:26","slug":"diputado-nicolas-noman-busca-cancelar-para-siempre-las-licencias-de-quienes-participen-en-carreras-clandestinas","status":"publish","type":"post","link":"https:\/\/www.radioamigavallenar.cl\/?p=35502","title":{"rendered":"Diputado Nicol\u00e1s Noman busca cancelar para siempre las licencias de quienes participen en carreras clandestinas"},"content":{"rendered":"<p><strong>El parlamentario asegur\u00f3 que la iniciativa busca el establecimiento de sanciones m\u00e1s eficaces<\/strong><span id=\"more-236330\"><\/span><\/p>\n<p>El diputado Nicol\u00e1s Noman present\u00f3 un proyecto de ley que busca modificar la Ley N\u00b0 18.290 de Tr\u00e1nsito para sancionar con la cancelaci\u00f3n perpetua de la licencia de conducir veh\u00edculos de tracci\u00f3n mec\u00e1nica, a condenados por organizar o participar en carreras no autorizadas o clandestinas.<\/p>\n<p>En esa l\u00ednea, el parlamentario por Atacama sostuvo que \u201cla seguridad de las autopistas urbanas, carreteras o caminos tiene actualmente un elemento de peligro relacionado con las carreras ilegales y clandestinas, por lo que se requiere una mayor sanci\u00f3n para estas conductas\u201d.<\/p>\n<p>\u201cLa iniciativa propone\u00a0el establecimiento de sanciones m\u00e1s eficaces, como restringir y cancelar las licencias de conducir de aquellas personas que organizan y compiten en este tipo de carreras\u201d, argument\u00f3.<\/p>\n<p>En concreto, la moci\u00f3n propone incorporar al final del art\u00edculo 197 de la mencionada Ley un nuevo inciso: \u201cQuien organice o compita en carreras no autorizadas, se le aplicar\u00e1 la pena de cancelaci\u00f3n perpetua para conducir veh\u00edculos a tracci\u00f3n mec\u00e1nica\u201d.<\/p>\n<p>Finalmente, el diputado Nicol\u00e1s Noman hizo un llamado a tramitar con celeridad este proyecto de ley de cara a la seguridad vial.<\/p>\n","protected":false},"excerpt":{"rendered":"<p>El parlamentario asegur\u00f3 que la iniciativa busca el establecimiento de sanciones m\u00e1s eficaces El diputado Nicol\u00e1s Noman present\u00f3 un proyecto de ley que busca modificar&hellip; <\/p>\n","protected":false},"author":2,"featured_media":23167,"comment_status":"open","ping_status":"closed","sticky":false,"template":"","format":"standard","meta":{"footnotes":""},"categories":[7],"tags":[],"class_list":["post-35502","post","type-post","status-publish","format-standard","has-post-thumbnail","hentry","category-atacama"],"_links":{"self":[{"href":"https:\/\/www.radioamigavallenar.cl\/index.php?rest_route=\/wp\/v2\/posts\/35502","targetHints":{"allow":["GET"]}}],"collection":[{"href":"https:\/\/www.radioamigavallenar.cl\/index.php?rest_route=\/wp\/v2\/posts"}],"about":[{"href":"https:\/\/www.radioamigavallenar.cl\/index.php?rest_route=\/wp\/v2\/types\/post"}],"author":[{"embeddable":true,"href":"https:\/\/www.radioamigavallenar.cl\/index.php?rest_route=\/wp\/v2\/users\/2"}],"replies":[{"embeddable":true,"href":"https:\/\/www.radioamigavallenar.cl\/index.php?rest_route=%2Fwp%2Fv2%2Fcomments&post=35502"}],"version-history":[{"count":1,"href":"https:\/\/www.radioamigavallenar.cl\/index.php?rest_route=\/wp\/v2\/posts\/35502\/revisions"}],"predecessor-version":[{"id":35503,"href":"https:\/\/www.radioamigavallenar.cl\/index.php?rest_route=\/wp\/v2\/posts\/35502\/revisions\/35503"}],"wp:featuredmedia":[{"embeddable":true,"href":"https:\/\/www.radioamigavallenar.cl\/index.php?rest_route=\/wp\/v2\/media\/23167"}],"wp:attachment":[{"href":"https:\/\/www.radioamigavallenar.cl\/index.php?rest_route=%2Fwp%2Fv2%2Fmedia&parent=35502"}],"wp:term":[{"taxonomy":"category","embeddable":true,"href":"https:\/\/www.radioamigavallenar.cl\/index.php?rest_route=%2Fwp%2Fv2%2Fcategories&post=35502"},{"taxonomy":"post_tag","embeddable":true,"href":"https:\/\/www.radioamigavallenar.cl\/index.php?rest_route=%2Fwp%2Fv2%2Ftags&post=35502"}],"curies":[{"name":"wp","href":"https:\/\/api.w.org\/{rel}","templated":true}]}}