{"id":35499,"date":"2021-02-03T06:00:16","date_gmt":"2021-02-03T09:00:16","guid":{"rendered":"https:\/\/www.radioamigavallenar.cl\/?p=35499"},"modified":"2021-02-02T22:17:19","modified_gmt":"2021-02-03T01:17:19","slug":"seremi-de-energia-invita-a-participar-en-planificacion-energetica-de-largo-plazo","status":"publish","type":"post","link":"https:\/\/www.radioamigavallenar.cl\/?p=35499","title":{"rendered":"Seremi de energ\u00eda invita a participar en Planificaci\u00f3n Energ\u00e9tica de Largo Plazo"},"content":{"rendered":"<p>A trav\u00e9s de esta instancia, de car\u00e1cter nacional, se busca definir escenarios energ\u00e9ticos de largo plazo, identificar polos de desarrollo y proyectar el futuro energ\u00e9tico del pa\u00eds. Tambi\u00e9n, debe considerar pol\u00edticas medioambientales que tengan incidencia, como la Ley Marco de Cambio Clim\u00e1tico y el compromiso de Carbono Neutralidad, tanto mitigaci\u00f3n como adaptaci\u00f3n.<\/p>\n<p><strong>\u00a0<\/strong>Ya est\u00e1n abiertas las inscripciones del Registro de Interesadas e Interesados para participar en el nuevo proceso de Planificaci\u00f3n Energ\u00e9tica de Largo Plazo (PELP), as\u00ed lo anunci\u00f3 la\u00a0<strong>seremi de Energ\u00eda de Atacama, Kim-Fa Bondi<\/strong>\u00a0\u2013 detallando que \u2013 a trav\u00e9s de esta instancia, de car\u00e1cter nacional, se busca definir los escenarios energ\u00e9ticos de largo plazo, identificar polos de desarrollo y proyectar el consumo y oferta energ\u00e9tica.<\/p>\n<p>En este contexto,\u00a0<strong>Bondi<\/strong>\u00a0se\u00f1al\u00f3 que: \u201cTal como lo ha dicho nuestro\u00a0<strong>biministro de Miner\u00eda y Energ\u00eda, Juan Carlos Jobet<\/strong>, queremos invitar a todos los chilenos y chilenas, de todo el pa\u00eds, a participar en este proceso para que juntos podamos so\u00f1ar y proyectar el futuro energ\u00e9tico de Chile, y especialmente me gustar\u00eda que contemos en esta Planificaci\u00f3n Energ\u00e9tica de Largo Plazo con representantes de Atacama, que plasmen en esta instancia miradas desde nuestra querida regi\u00f3n\u201d.<\/p>\n<p>Seg\u00fan inform\u00f3 el\u00a0<strong>biministro<\/strong>, este Registro servir\u00e1 para garantizar la participaci\u00f3n de quienes se inscriban en todas las audiencias p\u00fablicas que se realicen durante el proceso de actualizaci\u00f3n de la PELP, adem\u00e1s de darles acceso al material p\u00fablico en revisi\u00f3n y definitivo, que sea emitido por el Ministerio. Adem\u00e1s, las personas que se registren en el proceso, podr\u00e1n participar en la definici\u00f3n de metodolog\u00edas, documentos y proyecciones energ\u00e9ticas, y ser\u00e1n fundamentales en la definici\u00f3n inicial de polos de desarrollo de generaci\u00f3n el\u00e9ctrica.<\/p>\n<p>Finalmente, \u00a0<strong>Jobet<\/strong>\u00a0especific\u00f3 que podr\u00e1n participar del proceso todas las personas naturales y jur\u00eddicas interesadas en participar y las inscripciones se deben realizar\u00a0<strong>hasta el 10 de febrero en la p\u00e1gina web\u00a0<\/strong><a href=\"http:\/\/www.pelp.minenergia.cl\/\"><strong>pelp.minenergia.cl<\/strong><\/a><strong>.<\/strong><\/p>\n<p style=\"text-align: center;\"><strong>PLANIFICACI\u00d3N ENERGETICA DE LARGO PLAZO<\/strong><\/p>\n<p>La PELP es un proceso que se realiza cada 5 a\u00f1os pero que se prepara y desarrolla de forma continua, con el objeto de definir escenarios energ\u00e9ticos de largo plazo, identificar polos de desarrollo y proyectar el futuro energ\u00e9tico del pa\u00eds. Adem\u00e1s, la PELP debe considerar pol\u00edticas medioambientales que tengan incidencia, como la Ley Marco de Cambio Clim\u00e1tico y el compromiso de Carbono Neutralidad, tanto mitigaci\u00f3n como adaptaci\u00f3n.<\/p>\n<p>El proceso de planificaci\u00f3n deber\u00e1 incluir escenarios de proyecci\u00f3n de oferta y demanda energ\u00e9tica y en particular el\u00e9ctrica, considerando la identificaci\u00f3n de polos de desarrollo de generaci\u00f3n, generaci\u00f3n distribuida, intercambios internacionales de energ\u00eda, pol\u00edticas ambientales que tengan incidencia y objetivos de eficiencia energ\u00e9tica entre otros, elaborando sus posibles escenarios de desarrollo. Asimismo, la planificaci\u00f3n deber\u00e1 considerar dentro de sus an\u00e1lisis los planes estrat\u00e9gicos con que cuenten las regiones en materia de energ\u00eda.<\/p>\n<p>Finalmente, los escenarios energ\u00e9ticos son fundamentales para m\u00faltiples funciones, permiten una mejor planificaci\u00f3n de la infraestructura necesaria para alcanzar las metas y compromisos que tenemos en Chile, como la carbono neutralidad y el retiro de las centrales a carb\u00f3n. Adem\u00e1s, son importantes para continuar con la integraci\u00f3n masiva de energ\u00edas renovables, incorporar recursos energ\u00e9ticos integrales y distribuidos, orientar a los diversos sectores del pa\u00eds respecto a las alternativas energ\u00e9ticas m\u00e1s limpias, junto con anticipar situaciones y adaptar el sistema energ\u00e9tico para dotarlo de una mayor resiliencia.<\/p>\n<p>Inscripciones e informaci\u00f3n en\u00a0<a href=\"http:\/\/www.pelp.minenergia.cl\/\">pelp.minenergia.cl<\/a><\/p>\n","protected":false},"excerpt":{"rendered":"<p>A trav\u00e9s de esta instancia, de car\u00e1cter nacional, se busca definir escenarios energ\u00e9ticos de largo plazo, identificar polos de desarrollo y proyectar el futuro energ\u00e9tico&hellip; <\/p>\n","protected":false},"author":2,"featured_media":35500,"comment_status":"open","ping_status":"closed","sticky":false,"template":"","format":"standard","meta":{"footnotes":""},"categories":[7],"tags":[],"class_list":["post-35499","post","type-post","status-publish","format-standard","has-post-thumbnail","hentry","category-atacama"],"_links":{"self":[{"href":"https:\/\/www.radioamigavallenar.cl\/index.php?rest_route=\/wp\/v2\/posts\/35499","targetHints":{"allow":["GET"]}}],"collection":[{"href":"https:\/\/www.radioamigavallenar.cl\/index.php?rest_route=\/wp\/v2\/posts"}],"about":[{"href":"https:\/\/www.radioamigavallenar.cl\/index.php?rest_route=\/wp\/v2\/types\/post"}],"author":[{"embeddable":true,"href":"https:\/\/www.radioamigavallenar.cl\/index.php?rest_route=\/wp\/v2\/users\/2"}],"replies":[{"embeddable":true,"href":"https:\/\/www.radioamigavallenar.cl\/index.php?rest_route=%2Fwp%2Fv2%2Fcomments&post=35499"}],"version-history":[{"count":1,"href":"https:\/\/www.radioamigavallenar.cl\/index.php?rest_route=\/wp\/v2\/posts\/35499\/revisions"}],"predecessor-version":[{"id":35501,"href":"https:\/\/www.radioamigavallenar.cl\/index.php?rest_route=\/wp\/v2\/posts\/35499\/revisions\/35501"}],"wp:featuredmedia":[{"embeddable":true,"href":"https:\/\/www.radioamigavallenar.cl\/index.php?rest_route=\/wp\/v2\/media\/35500"}],"wp:attachment":[{"href":"https:\/\/www.radioamigavallenar.cl\/index.php?rest_route=%2Fwp%2Fv2%2Fmedia&parent=35499"}],"wp:term":[{"taxonomy":"category","embeddable":true,"href":"https:\/\/www.radioamigavallenar.cl\/index.php?rest_route=%2Fwp%2Fv2%2Fcategories&post=35499"},{"taxonomy":"post_tag","embeddable":true,"href":"https:\/\/www.radioamigavallenar.cl\/index.php?rest_route=%2Fwp%2Fv2%2Ftags&post=35499"}],"curies":[{"name":"wp","href":"https:\/\/api.w.org\/{rel}","templated":true}]}}