{"id":35496,"date":"2021-02-03T06:00:18","date_gmt":"2021-02-03T09:00:18","guid":{"rendered":"https:\/\/www.radioamigavallenar.cl\/?p=35496"},"modified":"2021-02-02T21:59:58","modified_gmt":"2021-02-03T00:59:58","slug":"buscan-generar-empleo-local-en-obras-del-nuevo-museo-regional-de-atacama","status":"publish","type":"post","link":"https:\/\/www.radioamigavallenar.cl\/?p=35496","title":{"rendered":"Buscan generar empleo local en obras del nuevo Museo Regional de Atacama"},"content":{"rendered":"<p><strong>Millonaria inversi\u00f3n cont\u00f3 con la aprobaci\u00f3n en forma un\u00e1nime de los 14 Consejeros Regionales.<\/strong><span id=\"more-236333\"><\/span><\/p>\n<p>El Consejo Regional de Atacama, CORE, hizo especial hincapi\u00e9 en que exista contrataci\u00f3n de mano de obra local en la ejecuci\u00f3n de las obras que permitir\u00e1n construir el edificio que albergar\u00e1 valiosas piezas hist\u00f3ricas y arqueol\u00f3gicas, entre otras, como parte de lo que ser\u00e1 el nuevo Museo Regional de Atacama.<\/p>\n<p>En representaci\u00f3n del CORE Atacama, su Presidenta Ruth Vega, se\u00f1al\u00f3 que \u201cestamos muy conformes con el inicio de estas obras tan esperadas por la comunidad. Una inversi\u00f3n donde este Consejo, en forma un\u00e1nime, aprob\u00f3 recursos adicionales del Fondo Nacional de Desarrollo Regional, FNDR, para apoyar esta iniciativa por un monto de M$ 7.703.201 que, sumado a los aportes provenientes del Servicio Nacional del Patrimonio Cultural, se invertir\u00e1n en total sobre $13.263 millones de pesos\u201d.<\/p>\n<p>La autoridad agreg\u00f3 adem\u00e1s que \u201cnuestro llamado es a dar prioridad a la generaci\u00f3n de mano de obra local, considerando el complejo escenario que la regi\u00f3n est\u00e1 pasando como consecuencia de la pandemia y, adem\u00e1s, por ser un proyecto regionalista de gran valor patrimonial e hist\u00f3rico donde sus habitantes deben ser part\u00edcipes de ello. Esperamos que existan m\u00e1s contrataciones de trabajadores que son de la zona y que, a su vez, las labores de construcci\u00f3n se desarrollen respetando todas las medidas sanitarias requeridas producto del covid19, para as\u00ed evitar nuevos contagios\u201d, precis\u00f3 la Consejera Ruth Vega.<\/p>\n<p>Cabe destacar que, el nuevo Museo Regional de Atacama se emplazar\u00e1 en el sector de la Avenida Manuel Antonio Matta, en la ciudad de Copiap\u00f3. El edificio contar\u00e1 con tres niveles y dos zonas subterr\u00e1neas, distribuidos en una superficie sobre los 6.400 m2. El dise\u00f1o arquitect\u00f3nico estableci\u00f3 espacios funcionales y atractivos para los visitantes, con \u00e1reas iluminadas para exposiciones permanentes y temporales, adem\u00e1s de laboratorios, biblioteca, hemeroteca y sala de convenciones, entre otros.<\/p>\n<p>La empresa De Vicente S.A. realizar\u00e1 las labores de construcci\u00f3n del nuevo Museo Regional, proyecto a cargo del MOP Atacama mediante su Direcci\u00f3n Regional de Arquitectura. Los trabajos tendr\u00e1n una duraci\u00f3n aproximada de 30 meses, esperando su t\u00e9rmino a mediados del a\u00f1o 2023.<\/p>\n","protected":false},"excerpt":{"rendered":"<p>Millonaria inversi\u00f3n cont\u00f3 con la aprobaci\u00f3n en forma un\u00e1nime de los 14 Consejeros Regionales. El Consejo Regional de Atacama, CORE, hizo especial hincapi\u00e9 en que&hellip; <\/p>\n","protected":false},"author":2,"featured_media":35497,"comment_status":"open","ping_status":"closed","sticky":false,"template":"","format":"standard","meta":{"footnotes":""},"categories":[7],"tags":[],"class_list":["post-35496","post","type-post","status-publish","format-standard","has-post-thumbnail","hentry","category-atacama"],"_links":{"self":[{"href":"https:\/\/www.radioamigavallenar.cl\/index.php?rest_route=\/wp\/v2\/posts\/35496","targetHints":{"allow":["GET"]}}],"collection":[{"href":"https:\/\/www.radioamigavallenar.cl\/index.php?rest_route=\/wp\/v2\/posts"}],"about":[{"href":"https:\/\/www.radioamigavallenar.cl\/index.php?rest_route=\/wp\/v2\/types\/post"}],"author":[{"embeddable":true,"href":"https:\/\/www.radioamigavallenar.cl\/index.php?rest_route=\/wp\/v2\/users\/2"}],"replies":[{"embeddable":true,"href":"https:\/\/www.radioamigavallenar.cl\/index.php?rest_route=%2Fwp%2Fv2%2Fcomments&post=35496"}],"version-history":[{"count":1,"href":"https:\/\/www.radioamigavallenar.cl\/index.php?rest_route=\/wp\/v2\/posts\/35496\/revisions"}],"predecessor-version":[{"id":35498,"href":"https:\/\/www.radioamigavallenar.cl\/index.php?rest_route=\/wp\/v2\/posts\/35496\/revisions\/35498"}],"wp:featuredmedia":[{"embeddable":true,"href":"https:\/\/www.radioamigavallenar.cl\/index.php?rest_route=\/wp\/v2\/media\/35497"}],"wp:attachment":[{"href":"https:\/\/www.radioamigavallenar.cl\/index.php?rest_route=%2Fwp%2Fv2%2Fmedia&parent=35496"}],"wp:term":[{"taxonomy":"category","embeddable":true,"href":"https:\/\/www.radioamigavallenar.cl\/index.php?rest_route=%2Fwp%2Fv2%2Fcategories&post=35496"},{"taxonomy":"post_tag","embeddable":true,"href":"https:\/\/www.radioamigavallenar.cl\/index.php?rest_route=%2Fwp%2Fv2%2Ftags&post=35496"}],"curies":[{"name":"wp","href":"https:\/\/api.w.org\/{rel}","templated":true}]}}