{"id":35493,"date":"2021-02-03T06:00:48","date_gmt":"2021-02-03T09:00:48","guid":{"rendered":"https:\/\/www.radioamigavallenar.cl\/?p=35493"},"modified":"2021-02-02T21:58:51","modified_gmt":"2021-02-03T00:58:51","slug":"desde-carabineros-hacen-llamado-a-la-responsabilidad-tanto-a-conductores-como-ciudadania","status":"publish","type":"post","link":"https:\/\/www.radioamigavallenar.cl\/?p=35493","title":{"rendered":"Desde Carabineros hacen llamado a la responsabilidad tanto a conductores como ciudadan\u00eda"},"content":{"rendered":"<p><strong>Debido al traslado masivo de automovilistas ante el comienzo de un nuevo per\u00edodo de vacaciones en febrero.<\/strong><span id=\"more-236304\"><\/span><\/p>\n<p>Y comenz\u00f3 el recambio de veraneantes en diferentes playas y zonas tur\u00edsticas de Atacama, por aquel motivo y ante el traslado masivo de autom\u00f3viles en las rutas y con el prop\u00f3sito de prevenir accidentes de tr\u00e1nsito, el Prefecto de Carabineros, Teniente Coronel Farid Sales Castro, formul\u00f3 un llamado a la ciudadan\u00eda en general a la prevenci\u00f3n y autocuidado.<\/p>\n<p>Al respecto,\u00a0 dijo que es importante que automovilistas y ciudadan\u00eda asuma su responsabilidad en la prevenci\u00f3n, no solo al momento de la conducci\u00f3n sino tambi\u00e9n en el tema sanitario. \u201cNo obstante todas las acciones preventivas y de control que pueda realizar Carabineros jam\u00e1s ser\u00e1n suficientes si el conductor, peat\u00f3n y ciudadan\u00eda en general, no asume las medidas de autocuidado necesarias para evitar situaciones imprevistas. Por ello, hacemos un llamado a la comunidad a redoblar las medidas de seguridad, evitar las congestiones en carreteras en hora punta, planificar los viajes, no viajar cansado, no consumir alcohol y respetar los l\u00edmites m\u00e1ximos de velocidad, as\u00ed como tener presente que estamos viviendo un per\u00edodo de pandemia y hay que cuidarse\u201d, manifest\u00f3 el oficial jefe de la Prefectura Atacama.<\/p>\n<p>Del mismo modo, aprovech\u00f3 la ocasi\u00f3n para reiterar el llamado a quienes har\u00e1n uso de vacaciones a programar su\u00a0viaje en forma anticipada, revisar y asegurarse de llevar documentos personales y del veh\u00edculo. Tener presente que existen disposiciones sanitarias que exigen portar permisos de traslados, por tanto revise con anticipaci\u00f3n los lugares que visitar\u00e1 para no incurrir en infracciones.<\/p>\n<p>Por otro lado, el Prefecto de Atacama inform\u00f3 que durante este per\u00edodo estival se continuar\u00e1 con los servicios reforzados en balnearios como en las rutas, porque la idea es la seguridad de las personas. Queremos que la comunidad se sienta tranquila y resguardada, por tanto en cada rinc\u00f3n de la regi\u00f3n hay una o un carabinero para velar por el orden y la seguridad p\u00fablica.<\/p>\n","protected":false},"excerpt":{"rendered":"<p>Debido al traslado masivo de automovilistas ante el comienzo de un nuevo per\u00edodo de vacaciones en febrero. Y comenz\u00f3 el recambio de veraneantes en diferentes&hellip; <\/p>\n","protected":false},"author":2,"featured_media":35494,"comment_status":"open","ping_status":"closed","sticky":false,"template":"","format":"standard","meta":{"footnotes":""},"categories":[7],"tags":[],"class_list":["post-35493","post","type-post","status-publish","format-standard","has-post-thumbnail","hentry","category-atacama"],"_links":{"self":[{"href":"https:\/\/www.radioamigavallenar.cl\/index.php?rest_route=\/wp\/v2\/posts\/35493","targetHints":{"allow":["GET"]}}],"collection":[{"href":"https:\/\/www.radioamigavallenar.cl\/index.php?rest_route=\/wp\/v2\/posts"}],"about":[{"href":"https:\/\/www.radioamigavallenar.cl\/index.php?rest_route=\/wp\/v2\/types\/post"}],"author":[{"embeddable":true,"href":"https:\/\/www.radioamigavallenar.cl\/index.php?rest_route=\/wp\/v2\/users\/2"}],"replies":[{"embeddable":true,"href":"https:\/\/www.radioamigavallenar.cl\/index.php?rest_route=%2Fwp%2Fv2%2Fcomments&post=35493"}],"version-history":[{"count":1,"href":"https:\/\/www.radioamigavallenar.cl\/index.php?rest_route=\/wp\/v2\/posts\/35493\/revisions"}],"predecessor-version":[{"id":35495,"href":"https:\/\/www.radioamigavallenar.cl\/index.php?rest_route=\/wp\/v2\/posts\/35493\/revisions\/35495"}],"wp:featuredmedia":[{"embeddable":true,"href":"https:\/\/www.radioamigavallenar.cl\/index.php?rest_route=\/wp\/v2\/media\/35494"}],"wp:attachment":[{"href":"https:\/\/www.radioamigavallenar.cl\/index.php?rest_route=%2Fwp%2Fv2%2Fmedia&parent=35493"}],"wp:term":[{"taxonomy":"category","embeddable":true,"href":"https:\/\/www.radioamigavallenar.cl\/index.php?rest_route=%2Fwp%2Fv2%2Fcategories&post=35493"},{"taxonomy":"post_tag","embeddable":true,"href":"https:\/\/www.radioamigavallenar.cl\/index.php?rest_route=%2Fwp%2Fv2%2Ftags&post=35493"}],"curies":[{"name":"wp","href":"https:\/\/api.w.org\/{rel}","templated":true}]}}