{"id":35490,"date":"2021-02-02T11:50:33","date_gmt":"2021-02-02T14:50:33","guid":{"rendered":"https:\/\/www.radioamigavallenar.cl\/?p=35490"},"modified":"2021-02-02T12:14:36","modified_gmt":"2021-02-02T15:14:36","slug":"este-miercoles-comienza-vacunacion-contra-el-covid-19-en-atacama-conoce-dia-hora-y-lugar-de-vacunacion-en-tu-comuna","status":"publish","type":"post","link":"https:\/\/www.radioamigavallenar.cl\/?p=35490","title":{"rendered":"Este mi\u00e9rcoles comienza vacunaci\u00f3n contra el COVID-19 en Atacama: Conoce d\u00eda, hora y lugar de vacunaci\u00f3n en t\u00fa comuna"},"content":{"rendered":"<p>El proceso comenzar\u00e1 mediante etapas y los grupos priorizados ser\u00e1n adultos mayores y personas con patolog\u00edas cr\u00f3nicas.<span id=\"more-236316\"><\/span><\/p>\n<p>Este\u00a0<strong>mi\u00e9rcoles comenzar\u00e1 en Atacama y todo el pa\u00eds, el proceso de vacunaci\u00f3n masiva a adultos mayores en contra del COVID-19<\/strong>\u00a0tras la llegada de m\u00e1s de dos millones de dosis de vacunas, f\u00f3rmula desarrollada por Sinovac.\u00a0 Para este mi\u00e9rcoles el turno es para las personas igual o mayores de 60 a\u00f1os de edad.<\/p>\n<p>El jueves ser\u00e1 el turno de\u00a0<strong>adultos mayores entre 89 y 97 a\u00f1os<\/strong>\u00a0mientras que el\u00a0<strong>viernes se vacunar\u00e1 a personas entre 86 y 85 a\u00f1os<\/strong>. Adem\u00e1s, toda la semana se aplicar\u00e1 la dosis a personal de salud adem\u00e1s de funcionarios y residentes de centros Sename y Eleam.<\/p>\n<h3 style=\"text-align: center;\">INFOGRAF\u00cdA POR COMUNAS EN ATACAMA<\/h3>\n<p><img loading=\"lazy\" decoding=\"async\" class=\"alignnone size-full wp-image-236325 lazy-loaded\" src=\"https:\/\/www.maray.cl\/wp-content\/uploads\/2021\/02\/AnyConv.com__81a20e46-2dd2-4e9e-9d76-48c78a0d160d.jpg\" sizes=\"auto, (max-width: 1280px) 100vw, 1280px\" srcset=\"https:\/\/www.maray.cl\/wp-content\/uploads\/2021\/02\/AnyConv.com__81a20e46-2dd2-4e9e-9d76-48c78a0d160d.jpg 1280w, https:\/\/www.maray.cl\/wp-content\/uploads\/2021\/02\/AnyConv.com__81a20e46-2dd2-4e9e-9d76-48c78a0d160d-600x600.jpg 600w, https:\/\/www.maray.cl\/wp-content\/uploads\/2021\/02\/AnyConv.com__81a20e46-2dd2-4e9e-9d76-48c78a0d160d-800x800.jpg 800w, https:\/\/www.maray.cl\/wp-content\/uploads\/2021\/02\/AnyConv.com__81a20e46-2dd2-4e9e-9d76-48c78a0d160d-300x300.jpg 300w, https:\/\/www.maray.cl\/wp-content\/uploads\/2021\/02\/AnyConv.com__81a20e46-2dd2-4e9e-9d76-48c78a0d160d-768x768.jpg 768w, https:\/\/www.maray.cl\/wp-content\/uploads\/2021\/02\/AnyConv.com__81a20e46-2dd2-4e9e-9d76-48c78a0d160d-80x80.jpg 80w\" alt=\"\" width=\"1280\" height=\"1280\" data-lazy-type=\"image\" data-src=\"https:\/\/www.maray.cl\/wp-content\/uploads\/2021\/02\/AnyConv.com__81a20e46-2dd2-4e9e-9d76-48c78a0d160d.jpg\" data-srcset=\"\" \/> \u00a0<img loading=\"lazy\" decoding=\"async\" class=\"alignnone size-full wp-image-236323 lazy-loaded\" src=\"https:\/\/www.maray.cl\/wp-content\/uploads\/2021\/02\/AnyConv.com__b72c1771-fdf0-48ac-a57e-c6fc2b60f79f.jpg\" sizes=\"auto, (max-width: 1280px) 100vw, 1280px\" srcset=\"https:\/\/www.maray.cl\/wp-content\/uploads\/2021\/02\/AnyConv.com__b72c1771-fdf0-48ac-a57e-c6fc2b60f79f.jpg 1280w, https:\/\/www.maray.cl\/wp-content\/uploads\/2021\/02\/AnyConv.com__b72c1771-fdf0-48ac-a57e-c6fc2b60f79f-600x600.jpg 600w, https:\/\/www.maray.cl\/wp-content\/uploads\/2021\/02\/AnyConv.com__b72c1771-fdf0-48ac-a57e-c6fc2b60f79f-800x800.jpg 800w, https:\/\/www.maray.cl\/wp-content\/uploads\/2021\/02\/AnyConv.com__b72c1771-fdf0-48ac-a57e-c6fc2b60f79f-300x300.jpg 300w, https:\/\/www.maray.cl\/wp-content\/uploads\/2021\/02\/AnyConv.com__b72c1771-fdf0-48ac-a57e-c6fc2b60f79f-768x768.jpg 768w, https:\/\/www.maray.cl\/wp-content\/uploads\/2021\/02\/AnyConv.com__b72c1771-fdf0-48ac-a57e-c6fc2b60f79f-80x80.jpg 80w\" alt=\"\" width=\"1280\" height=\"1280\" data-lazy-type=\"image\" data-src=\"https:\/\/www.maray.cl\/wp-content\/uploads\/2021\/02\/AnyConv.com__b72c1771-fdf0-48ac-a57e-c6fc2b60f79f.jpg\" data-srcset=\"\" \/>\u00a0<img loading=\"lazy\" decoding=\"async\" class=\"alignnone size-full wp-image-236322 lazy-loaded\" src=\"https:\/\/www.maray.cl\/wp-content\/uploads\/2021\/02\/AnyConv.com__cee3feec-5eba-4978-8f59-5acd47c3b6fb.jpg\" sizes=\"auto, (max-width: 1280px) 100vw, 1280px\" srcset=\"https:\/\/www.maray.cl\/wp-content\/uploads\/2021\/02\/AnyConv.com__cee3feec-5eba-4978-8f59-5acd47c3b6fb.jpg 1280w, https:\/\/www.maray.cl\/wp-content\/uploads\/2021\/02\/AnyConv.com__cee3feec-5eba-4978-8f59-5acd47c3b6fb-600x600.jpg 600w, https:\/\/www.maray.cl\/wp-content\/uploads\/2021\/02\/AnyConv.com__cee3feec-5eba-4978-8f59-5acd47c3b6fb-800x800.jpg 800w, https:\/\/www.maray.cl\/wp-content\/uploads\/2021\/02\/AnyConv.com__cee3feec-5eba-4978-8f59-5acd47c3b6fb-300x300.jpg 300w, https:\/\/www.maray.cl\/wp-content\/uploads\/2021\/02\/AnyConv.com__cee3feec-5eba-4978-8f59-5acd47c3b6fb-768x768.jpg 768w, https:\/\/www.maray.cl\/wp-content\/uploads\/2021\/02\/AnyConv.com__cee3feec-5eba-4978-8f59-5acd47c3b6fb-80x80.jpg 80w\" alt=\"\" width=\"1280\" height=\"1280\" data-lazy-type=\"image\" data-src=\"https:\/\/www.maray.cl\/wp-content\/uploads\/2021\/02\/AnyConv.com__cee3feec-5eba-4978-8f59-5acd47c3b6fb.jpg\" data-srcset=\"\" \/> \u00a0 \u00a0<img loading=\"lazy\" decoding=\"async\" class=\"alignnone size-full wp-image-236317 lazy-loaded\" src=\"https:\/\/www.maray.cl\/wp-content\/uploads\/2021\/02\/AnyConv.com__39032482-e19a-4a2a-a98b-7d2706d5744e.jpg\" sizes=\"auto, (max-width: 1280px) 100vw, 1280px\" srcset=\"https:\/\/www.maray.cl\/wp-content\/uploads\/2021\/02\/AnyConv.com__39032482-e19a-4a2a-a98b-7d2706d5744e.jpg 1280w, https:\/\/www.maray.cl\/wp-content\/uploads\/2021\/02\/AnyConv.com__39032482-e19a-4a2a-a98b-7d2706d5744e-600x600.jpg 600w, https:\/\/www.maray.cl\/wp-content\/uploads\/2021\/02\/AnyConv.com__39032482-e19a-4a2a-a98b-7d2706d5744e-800x800.jpg 800w, https:\/\/www.maray.cl\/wp-content\/uploads\/2021\/02\/AnyConv.com__39032482-e19a-4a2a-a98b-7d2706d5744e-300x300.jpg 300w, https:\/\/www.maray.cl\/wp-content\/uploads\/2021\/02\/AnyConv.com__39032482-e19a-4a2a-a98b-7d2706d5744e-768x768.jpg 768w, https:\/\/www.maray.cl\/wp-content\/uploads\/2021\/02\/AnyConv.com__39032482-e19a-4a2a-a98b-7d2706d5744e-80x80.jpg 80w\" alt=\"\" width=\"1280\" height=\"1280\" data-lazy-type=\"image\" data-src=\"https:\/\/www.maray.cl\/wp-content\/uploads\/2021\/02\/AnyConv.com__39032482-e19a-4a2a-a98b-7d2706d5744e.jpg\" data-srcset=\"\" \/><\/p>\n","protected":false},"excerpt":{"rendered":"<p>El proceso comenzar\u00e1 mediante etapas y los grupos priorizados ser\u00e1n adultos mayores y personas con patolog\u00edas cr\u00f3nicas. Este\u00a0mi\u00e9rcoles comenzar\u00e1 en Atacama y todo el pa\u00eds,&hellip; <\/p>\n","protected":false},"author":2,"featured_media":35491,"comment_status":"open","ping_status":"closed","sticky":false,"template":"","format":"standard","meta":{"footnotes":""},"categories":[38],"tags":[],"class_list":["post-35490","post","type-post","status-publish","format-standard","has-post-thumbnail","hentry","category-portada-regional"],"_links":{"self":[{"href":"https:\/\/www.radioamigavallenar.cl\/index.php?rest_route=\/wp\/v2\/posts\/35490","targetHints":{"allow":["GET"]}}],"collection":[{"href":"https:\/\/www.radioamigavallenar.cl\/index.php?rest_route=\/wp\/v2\/posts"}],"about":[{"href":"https:\/\/www.radioamigavallenar.cl\/index.php?rest_route=\/wp\/v2\/types\/post"}],"author":[{"embeddable":true,"href":"https:\/\/www.radioamigavallenar.cl\/index.php?rest_route=\/wp\/v2\/users\/2"}],"replies":[{"embeddable":true,"href":"https:\/\/www.radioamigavallenar.cl\/index.php?rest_route=%2Fwp%2Fv2%2Fcomments&post=35490"}],"version-history":[{"count":1,"href":"https:\/\/www.radioamigavallenar.cl\/index.php?rest_route=\/wp\/v2\/posts\/35490\/revisions"}],"predecessor-version":[{"id":35492,"href":"https:\/\/www.radioamigavallenar.cl\/index.php?rest_route=\/wp\/v2\/posts\/35490\/revisions\/35492"}],"wp:featuredmedia":[{"embeddable":true,"href":"https:\/\/www.radioamigavallenar.cl\/index.php?rest_route=\/wp\/v2\/media\/35491"}],"wp:attachment":[{"href":"https:\/\/www.radioamigavallenar.cl\/index.php?rest_route=%2Fwp%2Fv2%2Fmedia&parent=35490"}],"wp:term":[{"taxonomy":"category","embeddable":true,"href":"https:\/\/www.radioamigavallenar.cl\/index.php?rest_route=%2Fwp%2Fv2%2Fcategories&post=35490"},{"taxonomy":"post_tag","embeddable":true,"href":"https:\/\/www.radioamigavallenar.cl\/index.php?rest_route=%2Fwp%2Fv2%2Ftags&post=35490"}],"curies":[{"name":"wp","href":"https:\/\/api.w.org\/{rel}","templated":true}]}}