{"id":35487,"date":"2021-02-02T12:03:12","date_gmt":"2021-02-02T15:03:12","guid":{"rendered":"https:\/\/www.radioamigavallenar.cl\/?p=35487"},"modified":"2021-02-02T12:03:12","modified_gmt":"2021-02-02T15:03:12","slug":"general-yanez-declarara-como-imputado-en-indagatoria-por-violaciones-a-ddhh-durante-estallido-social","status":"publish","type":"post","link":"https:\/\/www.radioamigavallenar.cl\/?p=35487","title":{"rendered":"General Y\u00e1\u00f1ez declarar\u00e1 como imputado en indagatoria por violaciones a DDHH durante estallido social"},"content":{"rendered":"<p>El general director de Carabineros, Ricardo Y\u00e1\u00f1ez, declarar\u00e1 como imputado en la investigaci\u00f3n que tiene como foco los protocolos y medidas utilizadas por la instituci\u00f3n durante el estallido social.<\/p>\n<p>La investigaci\u00f3n, liderada por la fiscal regional de Valpara\u00edso, Claudia Perivancich, busca determinar\u00a0<strong>si hubo o no delitos de lesa humanidad como pol\u00edtica de Estado.<\/strong><\/p>\n<p>El uniformado inicialmente participar\u00eda como testigo, sin embargo, esto cambi\u00f3 debido a una <strong>ampliaci\u00f3n de la querella en su contra<\/strong>. Y\u00e1\u00f1ez tendr\u00e1 que declarar el 25 de febrero.<\/p>\n<p>Cabe decir que dicha ampliaci\u00f3n, involucra a su vez al ministro del Interior.<\/p>\n<h2 style=\"text-align: center;\">\u201cAbsoluta inocencia\u201d<\/h2>\n<p>El abogado del general Y\u00e1\u00f1ez, Jorge Mart\u00ednez, manifest\u00f3 \u201cesta acci\u00f3n penal no afecta la voluntad permanente que ha tenido el general director de Carabineros y el alto mando de la Instituci\u00f3n para poner a disposici\u00f3n todos los antecedentes (\u2026) de los hechos denunciados\u201d.<\/p>\n<p>Agreg\u00f3 que \u201cCarabineros est\u00e1 seguro que durante el 18 de octubre y durante los 162 d\u00edas que dur\u00f3 la contingencia social,\u00a0<strong>no afect\u00f3 los derechos humanos de los chilenos<\/strong>, sino que le toc\u00f3 actuar en un cuadro, en una situaci\u00f3n extrema de orden p\u00fablico\u201d.<\/p>\n<p>En dicho marco, el abogado declar\u00f3 que Carabineros tom\u00f3 \u201ctodas y cada una de las medidas tanto preventivas como correctivas para poder abordar esta dif\u00edcil situaci\u00f3n\u201d. Culmin\u00f3 enfatizando: \u201cEs por eso que\u00a0<strong>Carabineros va a demostrar su absoluta inocencia\u201d.<\/strong><\/p>\n<p>Por su parte, el presidente de la Comisi\u00f3n Chilena de Derechos Humanos, Carlos Margotta, afirm\u00f3 que <strong>toda diligencia que busque esclarecer los hechos es un motivo de satisfacci\u00f3n.<\/strong><\/p>\n<p>En tanto, detall\u00f3: \u201cNuestra instituci\u00f3n ha interpuesto m\u00e1s de 30 querellas en contra de las autoridades pol\u00edticas y los jefes militares y jefes de Carabineros\u201d.<\/p>\n<p>A su vez manifest\u00f3 en que \u201cel actual general es responsable no s\u00f3lo por las actuaciones de sus subordinados en el marco del ejercicio de su actual cargo sino tambi\u00e9n en la responsabilidad que le cabe por todo lo cr\u00edmenes contra la humanidad cometidos durante el periodo en que el estuvo a cargo de la jefatura nacional de la Direcci\u00f3n de Orden y Seguridad encargada del control del orden p\u00fablico\u201d.<\/p>\n<p>Margotta indic\u00f3 que son responsabilidad de Y\u00e1\u00f1ez por ser \u201cla mano derecha\u201d del exgeneral director Mario Rozas, adem\u00e1s de recibir instrucciones de los ministros del Interior durante todo el periodo. Motivo por el cual han\u00a0<strong>ampliado la querella a distintos ministros que han liderado dicha cartera<\/strong>.<\/p>\n<p>Cabe recordar que Mario Rozas tambi\u00e9n declar\u00f3 como imputado por presuntos cr\u00edmenes contra los DDHH.<\/p>\n","protected":false},"excerpt":{"rendered":"<p>El general director de Carabineros, Ricardo Y\u00e1\u00f1ez, declarar\u00e1 como imputado en la investigaci\u00f3n que tiene como foco los protocolos y medidas utilizadas por la instituci\u00f3n&hellip; <\/p>\n","protected":false},"author":2,"featured_media":35488,"comment_status":"open","ping_status":"closed","sticky":false,"template":"","format":"standard","meta":{"footnotes":""},"categories":[37],"tags":[],"class_list":["post-35487","post","type-post","status-publish","format-standard","has-post-thumbnail","hentry","category-nacional"],"_links":{"self":[{"href":"https:\/\/www.radioamigavallenar.cl\/index.php?rest_route=\/wp\/v2\/posts\/35487","targetHints":{"allow":["GET"]}}],"collection":[{"href":"https:\/\/www.radioamigavallenar.cl\/index.php?rest_route=\/wp\/v2\/posts"}],"about":[{"href":"https:\/\/www.radioamigavallenar.cl\/index.php?rest_route=\/wp\/v2\/types\/post"}],"author":[{"embeddable":true,"href":"https:\/\/www.radioamigavallenar.cl\/index.php?rest_route=\/wp\/v2\/users\/2"}],"replies":[{"embeddable":true,"href":"https:\/\/www.radioamigavallenar.cl\/index.php?rest_route=%2Fwp%2Fv2%2Fcomments&post=35487"}],"version-history":[{"count":1,"href":"https:\/\/www.radioamigavallenar.cl\/index.php?rest_route=\/wp\/v2\/posts\/35487\/revisions"}],"predecessor-version":[{"id":35489,"href":"https:\/\/www.radioamigavallenar.cl\/index.php?rest_route=\/wp\/v2\/posts\/35487\/revisions\/35489"}],"wp:featuredmedia":[{"embeddable":true,"href":"https:\/\/www.radioamigavallenar.cl\/index.php?rest_route=\/wp\/v2\/media\/35488"}],"wp:attachment":[{"href":"https:\/\/www.radioamigavallenar.cl\/index.php?rest_route=%2Fwp%2Fv2%2Fmedia&parent=35487"}],"wp:term":[{"taxonomy":"category","embeddable":true,"href":"https:\/\/www.radioamigavallenar.cl\/index.php?rest_route=%2Fwp%2Fv2%2Fcategories&post=35487"},{"taxonomy":"post_tag","embeddable":true,"href":"https:\/\/www.radioamigavallenar.cl\/index.php?rest_route=%2Fwp%2Fv2%2Ftags&post=35487"}],"curies":[{"name":"wp","href":"https:\/\/api.w.org\/{rel}","templated":true}]}}