{"id":35484,"date":"2021-02-02T11:59:03","date_gmt":"2021-02-02T14:59:03","guid":{"rendered":"https:\/\/www.radioamigavallenar.cl\/?p=35484"},"modified":"2021-02-02T11:59:03","modified_gmt":"2021-02-02T14:59:03","slug":"alerta-en-la-frontera-ejercito-y-policias-enfrentan-migrantes-para-evitar-ingreso-desde-bolivia","status":"publish","type":"post","link":"https:\/\/www.radioamigavallenar.cl\/?p=35484","title":{"rendered":"Alerta en la frontera: Ej\u00e9rcito y polic\u00edas enfrentan migrantes para evitar ingreso desde Bolivia"},"content":{"rendered":"<p>Ayer lunes a las 20:00 horas se activaron las alarmas para el personal de Carabineros y del Ej\u00e9rcito que est\u00e1n de punto fijo en la frontera entre Chile y Bolivia, luego de que <strong>300 personas intentaran ingresar al territorio nacional<\/strong>\u00a0de forma ilegal.<\/p>\n<p>Los uniformados se encontraban en Pampa Toldo, al lado del Hito 2do Intermedio entre ambos pa\u00edses.<\/p>\n<p>Parte del grupo humano conformado por adultos mayores, j\u00f3venes y ni\u00f1os, la mayor\u00eda venezolanos, se enfrent\u00f3 con el personal policial y militar en la noche. Sobre el encuentro hay dos versiones.<\/p>\n<p>Por un lado,\u00a0<strong>Carabineros sostuvo que se logr\u00f3 replegar a la totalidad de migrantes<\/strong>\u00a0para que volviesen a territorio boliviano. Por otro lado, se inform\u00f3 que de madrugada nuevamente el grupo de personas intent\u00f3 ingresar, logrando su cometido y\u00a0<strong>direccion\u00e1ndose hacia Colchane<\/strong>, comuna de la regi\u00f3n de Tarapac\u00e1.<\/p>\n<p>versiones aseguraron que cientos de personas estar\u00edan aguardando en territorio boliviano para ingresar a Chile, quienes tambi\u00e9n afirmaron que hay localidades de las regiones nortinas que est\u00e1n \u201cllenas de extranjeros\u201d y que\u00a0<strong>-en su opini\u00f3n- la situaci\u00f3n migratoria est\u00e1 \u201cdesbordada\u201d<\/strong>.<\/p>\n<p>Lo anterior no es un hecho aislado, ya que en medio de la crisis migratoria, un ciudadano venezolano subi\u00f3 un video se\u00f1alando paso a paso c\u00f3mo ingresar de forma ilegal a Chile.<\/p>\n","protected":false},"excerpt":{"rendered":"<p>Ayer lunes a las 20:00 horas se activaron las alarmas para el personal de Carabineros y del Ej\u00e9rcito que est\u00e1n de punto fijo en la&hellip; <\/p>\n","protected":false},"author":2,"featured_media":35485,"comment_status":"open","ping_status":"closed","sticky":false,"template":"","format":"standard","meta":{"footnotes":""},"categories":[37],"tags":[],"class_list":["post-35484","post","type-post","status-publish","format-standard","has-post-thumbnail","hentry","category-nacional"],"_links":{"self":[{"href":"https:\/\/www.radioamigavallenar.cl\/index.php?rest_route=\/wp\/v2\/posts\/35484","targetHints":{"allow":["GET"]}}],"collection":[{"href":"https:\/\/www.radioamigavallenar.cl\/index.php?rest_route=\/wp\/v2\/posts"}],"about":[{"href":"https:\/\/www.radioamigavallenar.cl\/index.php?rest_route=\/wp\/v2\/types\/post"}],"author":[{"embeddable":true,"href":"https:\/\/www.radioamigavallenar.cl\/index.php?rest_route=\/wp\/v2\/users\/2"}],"replies":[{"embeddable":true,"href":"https:\/\/www.radioamigavallenar.cl\/index.php?rest_route=%2Fwp%2Fv2%2Fcomments&post=35484"}],"version-history":[{"count":1,"href":"https:\/\/www.radioamigavallenar.cl\/index.php?rest_route=\/wp\/v2\/posts\/35484\/revisions"}],"predecessor-version":[{"id":35486,"href":"https:\/\/www.radioamigavallenar.cl\/index.php?rest_route=\/wp\/v2\/posts\/35484\/revisions\/35486"}],"wp:featuredmedia":[{"embeddable":true,"href":"https:\/\/www.radioamigavallenar.cl\/index.php?rest_route=\/wp\/v2\/media\/35485"}],"wp:attachment":[{"href":"https:\/\/www.radioamigavallenar.cl\/index.php?rest_route=%2Fwp%2Fv2%2Fmedia&parent=35484"}],"wp:term":[{"taxonomy":"category","embeddable":true,"href":"https:\/\/www.radioamigavallenar.cl\/index.php?rest_route=%2Fwp%2Fv2%2Fcategories&post=35484"},{"taxonomy":"post_tag","embeddable":true,"href":"https:\/\/www.radioamigavallenar.cl\/index.php?rest_route=%2Fwp%2Fv2%2Ftags&post=35484"}],"curies":[{"name":"wp","href":"https:\/\/api.w.org\/{rel}","templated":true}]}}