{"id":35481,"date":"2021-02-02T08:55:17","date_gmt":"2021-02-02T11:55:17","guid":{"rendered":"https:\/\/www.radioamigavallenar.cl\/?p=35481"},"modified":"2021-02-02T11:56:10","modified_gmt":"2021-02-02T14:56:10","slug":"rina-en-caldera-dejo-dos-detenidos-y-la-incautacion-de-armas-de-fuego","status":"publish","type":"post","link":"https:\/\/www.radioamigavallenar.cl\/?p=35481","title":{"rendered":"Ri\u00f1a en Caldera dej\u00f3 dos detenidos y la incautaci\u00f3n de armas de fuego"},"content":{"rendered":"<p><strong>C\u00e1maras de seguridad municipal fueron clave para la r\u00e1pida llegada de Carabineros y la detenci\u00f3n de dos de los involucrados.<\/strong><\/p>\n<p>Los servicios preventivos reforzados que est\u00e1 desarrollando Carabineros de la Subcomisar\u00eda de Caldera, insertos en el Plan Verano Seguro 2021, permitieron detener a un hombre y una mujer involucrados en una ri\u00f1a registrada en plena v\u00eda p\u00fablica de la comuna.<\/p>\n<p>El hecho, seg\u00fan los antecedentes entregados por el oficial de ronda de la unidad, subtte Gonzalo Morales, se registr\u00f3 durante la jornada de la tarde del d\u00eda lunes en el sector Villa Las Playas. All\u00ed un grupo de sujetos se trenz\u00f3 en una ri\u00f1a con armas blancas y de fuego, lo cual fue observado por personal municipal a cargo de las c\u00e1maras de seguridad, quien dio aviso inmediato a Carabineros.<\/p>\n<p>Fue as\u00ed como se deriv\u00f3 un dispositivo policial quien al llegar al lugar, observa dos personas lesionadas por heridas cortopunsantes, quienes al ver la presencia de Carabineros se dan a la fuga ingresando a un domicilio del sector.<\/p>\n<p>En virtud a ello, el personal policial ingres\u00f3 al interior de la vivienda donde incaut\u00f3 3 pistolas con su respectiva munici\u00f3n, adem\u00e1s de $61.400 dinero en efectivo que se encontraba junto al armamento y que seg\u00fan denuncias de vecinos ser\u00eda producto de la venta de drogas.<\/p>\n<p>Fue producto de lo anterior que se procedi\u00f3 a la detenci\u00f3n de una mujer por el delito de lesiones menos graves y de un hombre por el delito de usurpaci\u00f3n de identidad.<\/p>\n<p>La mujer de 21 a\u00f1os fue identificada con las iniciales A.Y.T.I., sin antecedentes penales anteriores y fue detenida por lesiones menos graves. Mientras que el hombre de 22 a\u00f1os, identificado como E.A.P.A., fue<br \/>\ndetenido por usurpaci\u00f3n de identidad y registra antecedentes anteriores por robo con violencia, microtr\u00e1fico, porte de arma cortante o punzante.<\/p>\n<p>Se hace presente que con dichas armas estos individuos atemorizaban a los vecinos, por lo cual este procedimiento permite dar tranquilidad y seguridad a la ciudadan\u00eda de este sector poblacional.<\/p>\n","protected":false},"excerpt":{"rendered":"<p>C\u00e1maras de seguridad municipal fueron clave para la r\u00e1pida llegada de Carabineros y la detenci\u00f3n de dos de los involucrados. Los servicios preventivos reforzados que&hellip; <\/p>\n","protected":false},"author":2,"featured_media":35482,"comment_status":"open","ping_status":"closed","sticky":false,"template":"","format":"standard","meta":{"footnotes":""},"categories":[38],"tags":[],"class_list":["post-35481","post","type-post","status-publish","format-standard","has-post-thumbnail","hentry","category-portada-regional"],"_links":{"self":[{"href":"https:\/\/www.radioamigavallenar.cl\/index.php?rest_route=\/wp\/v2\/posts\/35481","targetHints":{"allow":["GET"]}}],"collection":[{"href":"https:\/\/www.radioamigavallenar.cl\/index.php?rest_route=\/wp\/v2\/posts"}],"about":[{"href":"https:\/\/www.radioamigavallenar.cl\/index.php?rest_route=\/wp\/v2\/types\/post"}],"author":[{"embeddable":true,"href":"https:\/\/www.radioamigavallenar.cl\/index.php?rest_route=\/wp\/v2\/users\/2"}],"replies":[{"embeddable":true,"href":"https:\/\/www.radioamigavallenar.cl\/index.php?rest_route=%2Fwp%2Fv2%2Fcomments&post=35481"}],"version-history":[{"count":1,"href":"https:\/\/www.radioamigavallenar.cl\/index.php?rest_route=\/wp\/v2\/posts\/35481\/revisions"}],"predecessor-version":[{"id":35483,"href":"https:\/\/www.radioamigavallenar.cl\/index.php?rest_route=\/wp\/v2\/posts\/35481\/revisions\/35483"}],"wp:featuredmedia":[{"embeddable":true,"href":"https:\/\/www.radioamigavallenar.cl\/index.php?rest_route=\/wp\/v2\/media\/35482"}],"wp:attachment":[{"href":"https:\/\/www.radioamigavallenar.cl\/index.php?rest_route=%2Fwp%2Fv2%2Fmedia&parent=35481"}],"wp:term":[{"taxonomy":"category","embeddable":true,"href":"https:\/\/www.radioamigavallenar.cl\/index.php?rest_route=%2Fwp%2Fv2%2Fcategories&post=35481"},{"taxonomy":"post_tag","embeddable":true,"href":"https:\/\/www.radioamigavallenar.cl\/index.php?rest_route=%2Fwp%2Fv2%2Ftags&post=35481"}],"curies":[{"name":"wp","href":"https:\/\/api.w.org\/{rel}","templated":true}]}}