{"id":35478,"date":"2021-02-02T11:53:41","date_gmt":"2021-02-02T14:53:41","guid":{"rendered":"https:\/\/www.radioamigavallenar.cl\/?p=35478"},"modified":"2021-02-02T11:53:41","modified_gmt":"2021-02-02T14:53:41","slug":"atacama-reporto-este-martes-67-caso-nuevos-de-coronavirus-y-464-activos","status":"publish","type":"post","link":"https:\/\/www.radioamigavallenar.cl\/?p=35478","title":{"rendered":"Atacama report\u00f3 este martes 67 caso nuevos de Coronavirus y 464 activos"},"content":{"rendered":"<p>El Minsal inform\u00f3 este martes un total de 67 nuevos casos de Coronavirus en la regi\u00f3n, de ellos 31 fueron sintom\u00e1ticos y 36 sin s\u00edntomas, adem\u00e1s se reportaron 465 casos activos confirmados en las \u00faltimas 24 horas a nivel regional.<\/p>\n<p><a href=\"https:\/\/www.radioamigavallenar.cl\/wp-content\/uploads\/2021\/02\/EtOl168WgAoJmBX.jpg\"><img loading=\"lazy\" decoding=\"async\" class=\" wp-image-35479 aligncenter\" src=\"https:\/\/www.radioamigavallenar.cl\/wp-content\/uploads\/2021\/02\/EtOl168WgAoJmBX-300x300.jpg\" alt=\"\" width=\"536\" height=\"536\" \/><\/a>Con ello Atacama alcanza a la fecha un total de 10.373 casos acumulados de Coronavirus.<\/p>\n","protected":false},"excerpt":{"rendered":"<p>El Minsal inform\u00f3 este martes un total de 67 nuevos casos de Coronavirus en la regi\u00f3n, de ellos 31 fueron sintom\u00e1ticos y 36 sin s\u00edntomas,&hellip; <\/p>\n","protected":false},"author":2,"featured_media":32444,"comment_status":"open","ping_status":"closed","sticky":false,"template":"","format":"standard","meta":{"footnotes":""},"categories":[38],"tags":[],"class_list":["post-35478","post","type-post","status-publish","format-standard","has-post-thumbnail","hentry","category-portada-regional"],"_links":{"self":[{"href":"https:\/\/www.radioamigavallenar.cl\/index.php?rest_route=\/wp\/v2\/posts\/35478","targetHints":{"allow":["GET"]}}],"collection":[{"href":"https:\/\/www.radioamigavallenar.cl\/index.php?rest_route=\/wp\/v2\/posts"}],"about":[{"href":"https:\/\/www.radioamigavallenar.cl\/index.php?rest_route=\/wp\/v2\/types\/post"}],"author":[{"embeddable":true,"href":"https:\/\/www.radioamigavallenar.cl\/index.php?rest_route=\/wp\/v2\/users\/2"}],"replies":[{"embeddable":true,"href":"https:\/\/www.radioamigavallenar.cl\/index.php?rest_route=%2Fwp%2Fv2%2Fcomments&post=35478"}],"version-history":[{"count":1,"href":"https:\/\/www.radioamigavallenar.cl\/index.php?rest_route=\/wp\/v2\/posts\/35478\/revisions"}],"predecessor-version":[{"id":35480,"href":"https:\/\/www.radioamigavallenar.cl\/index.php?rest_route=\/wp\/v2\/posts\/35478\/revisions\/35480"}],"wp:featuredmedia":[{"embeddable":true,"href":"https:\/\/www.radioamigavallenar.cl\/index.php?rest_route=\/wp\/v2\/media\/32444"}],"wp:attachment":[{"href":"https:\/\/www.radioamigavallenar.cl\/index.php?rest_route=%2Fwp%2Fv2%2Fmedia&parent=35478"}],"wp:term":[{"taxonomy":"category","embeddable":true,"href":"https:\/\/www.radioamigavallenar.cl\/index.php?rest_route=%2Fwp%2Fv2%2Fcategories&post=35478"},{"taxonomy":"post_tag","embeddable":true,"href":"https:\/\/www.radioamigavallenar.cl\/index.php?rest_route=%2Fwp%2Fv2%2Ftags&post=35478"}],"curies":[{"name":"wp","href":"https:\/\/api.w.org\/{rel}","templated":true}]}}