{"id":35473,"date":"2021-02-02T10:52:32","date_gmt":"2021-02-02T13:52:32","guid":{"rendered":"https:\/\/www.radioamigavallenar.cl\/?p=35473"},"modified":"2021-02-02T10:52:40","modified_gmt":"2021-02-02T13:52:40","slug":"invitan-a-participar-de-segunda-version-del-concurso-nacional-de-fotografia-sobre-conservacion-de-humedales-en-chile","status":"publish","type":"post","link":"https:\/\/www.radioamigavallenar.cl\/?p=35473","title":{"rendered":"Invitan a participar de segunda versi\u00f3n del concurso nacional de fotograf\u00eda sobre conservaci\u00f3n de humedales en Chile"},"content":{"rendered":"<p>Los humedales son ecosistemas esenciales y altamente amenazados a lo largo de todo Chile. Para promover su conocimiento y valoraci\u00f3n, la Fundaci\u00f3n Kennedy invita a participar en la segunda versi\u00f3n del Concurso Nacional de Fotograf\u00eda\u00a0\u00a0\u201cDescubriendo los Humedales de Chile\u201d en el d\u00eda mundial de los humedales.<\/p>\n<p>El concurso est\u00e1 dirigido para todas las personas con inter\u00e9s en la fotograf\u00eda, sean profesionales o aficionados, pudiendo participar ni\u00f1os, j\u00f3venes y adultos, que tengan inter\u00e9s en dar a conocer \u00a0sus im\u00e1genes y recuerdos de humedales urbanos o silvestres.<\/p>\n<p>Se premiar\u00e1 a las 11 fotograf\u00edas ganadoras a trav\u00e9s de redes sociales y los premios consistir\u00e1n en accesorios fotogr\u00e1ficos como tr\u00edpodes, bolsos, gu\u00edas de especies y libros relacionados con humedales, entre otros.<\/p>\n<p>Para ello, existen distintas categor\u00edas, donde podr\u00e1n enviar sus im\u00e1genes desde el martes 2 de febrero hasta hasta las 23:59 horas del 5 de marzo de 2021.<\/p>\n<p>Se seleccionar\u00e1 una fotograf\u00eda en el nivel Joven explorador\/a y se otorgar\u00e1 un premio a quien tenga la mayor cantidad de likes en Instagram en @fundacionkennedy.<\/p>\n<p>Con ello, la iniciativa busca dar a conocer la gran variedad de humedales que existen en nuestro pa\u00eds, la biodiversidad que habita en ellos, sus paisajes y c\u00f3mo nos relacionamos con ellos.<\/p>\n<p>En su primera versi\u00f3n hubo m\u00e1s de 300 fotograf\u00edas de todos los participantes que retrataron la belleza y biodiversidad de los humedales de gran parte del territorio nacional.<\/p>\n<p>Mar\u00eda Jos\u00e9\u00a0Dom\u00ednguez Directora ejecutiva en\u00a0Fundaci\u00f3n Kennedy se\u00f1ala que \u201cLa invitaci\u00f3n es para que todos podamos visibilizar\u00a0 los humedales que hay en Chile. La gran variedad y grandes valores que hay en ellos. Desde lo cultural, desde lo social y las historias personales que pueden haber en ellos.\u00a0 Desde los valores ecol\u00f3gicos. Chile es un pa\u00eds de humedales, y lo m\u00e1s probable es que todos tengamos un humedal cerca. Chile tiene m\u00e1s de 40 mil humedales, seg\u00fan el Ministerio del Medio Ambiente, por tanto es una invitaci\u00f3n a conocer nuestro territorio y protegerlo\u201d.<\/p>\n<p>\u201cEn Fundaci\u00f3n Kennedy cumplimos en febrero, 17 a\u00f1os trabajando en la conservaci\u00f3n de humedales. Hemos aprendido que el elemento clave para frenar la destrucci\u00f3n de estos ecosistemas es la participaci\u00f3n activa de la comunidad y el primer paso para \u00e9sto es conocerlos\u201d, agreg\u00f3.<\/p>\n<p>Hoy Fundaci\u00f3n Kennedy tiene proyectos en las regiones de Antofagasta, Valpara\u00edso y Araucan\u00eda, en el marco de un plan estrat\u00e9gico de 5 a\u00f1os que busca fortalecer la gesti\u00f3n de la fundaci\u00f3n y el aumento de la cobertura de proyectos de conservaci\u00f3n ante la creciente urgencia por protegerlos.<\/p>\n<p>Este concurso tambi\u00e9n cuenta con la colaboraci\u00f3n de COPEC, M\u00e1s Verde M<\/p>\n","protected":false},"excerpt":{"rendered":"<p>Los humedales son ecosistemas esenciales y altamente amenazados a lo largo de todo Chile. Para promover su conocimiento y valoraci\u00f3n, la Fundaci\u00f3n Kennedy invita a&hellip; <\/p>\n","protected":false},"author":2,"featured_media":34390,"comment_status":"open","ping_status":"closed","sticky":false,"template":"","format":"standard","meta":{"footnotes":""},"categories":[38],"tags":[],"class_list":["post-35473","post","type-post","status-publish","format-standard","has-post-thumbnail","hentry","category-portada-regional"],"_links":{"self":[{"href":"https:\/\/www.radioamigavallenar.cl\/index.php?rest_route=\/wp\/v2\/posts\/35473","targetHints":{"allow":["GET"]}}],"collection":[{"href":"https:\/\/www.radioamigavallenar.cl\/index.php?rest_route=\/wp\/v2\/posts"}],"about":[{"href":"https:\/\/www.radioamigavallenar.cl\/index.php?rest_route=\/wp\/v2\/types\/post"}],"author":[{"embeddable":true,"href":"https:\/\/www.radioamigavallenar.cl\/index.php?rest_route=\/wp\/v2\/users\/2"}],"replies":[{"embeddable":true,"href":"https:\/\/www.radioamigavallenar.cl\/index.php?rest_route=%2Fwp%2Fv2%2Fcomments&post=35473"}],"version-history":[{"count":1,"href":"https:\/\/www.radioamigavallenar.cl\/index.php?rest_route=\/wp\/v2\/posts\/35473\/revisions"}],"predecessor-version":[{"id":35474,"href":"https:\/\/www.radioamigavallenar.cl\/index.php?rest_route=\/wp\/v2\/posts\/35473\/revisions\/35474"}],"wp:featuredmedia":[{"embeddable":true,"href":"https:\/\/www.radioamigavallenar.cl\/index.php?rest_route=\/wp\/v2\/media\/34390"}],"wp:attachment":[{"href":"https:\/\/www.radioamigavallenar.cl\/index.php?rest_route=%2Fwp%2Fv2%2Fmedia&parent=35473"}],"wp:term":[{"taxonomy":"category","embeddable":true,"href":"https:\/\/www.radioamigavallenar.cl\/index.php?rest_route=%2Fwp%2Fv2%2Fcategories&post=35473"},{"taxonomy":"post_tag","embeddable":true,"href":"https:\/\/www.radioamigavallenar.cl\/index.php?rest_route=%2Fwp%2Fv2%2Ftags&post=35473"}],"curies":[{"name":"wp","href":"https:\/\/api.w.org\/{rel}","templated":true}]}}