{"id":35469,"date":"2021-02-02T10:51:39","date_gmt":"2021-02-02T13:51:39","guid":{"rendered":"https:\/\/www.radioamigavallenar.cl\/?p=35469"},"modified":"2021-02-02T10:53:02","modified_gmt":"2021-02-02T13:53:02","slug":"invitan-a-organizaciones-culturales-comunitarias-a-participar-en-proceso-de-formacion-gratuita","status":"publish","type":"post","link":"https:\/\/www.radioamigavallenar.cl\/?p=35469","title":{"rendered":"Invitan a Organizaciones Culturales Comunitarias a participar en proceso de formaci\u00f3n gratuita"},"content":{"rendered":"<p><strong>Ense\u00f1ar\u00e1n herramientas para fortalecer la capacidad de gesti\u00f3n, organizaci\u00f3n interna y formulaci\u00f3n de proyectos.<\/strong><span id=\"more-236288\"><\/span><\/p>\n<p>La Agrupaci\u00f3n Cultural y Recreativa Cantantes L\u00edricos Atacama en colaboraci\u00f3n con el Ministerio de las Culturas, las Artes y el Patrimonio de la regi\u00f3n de Atacama, realizaron esta semana un llamado a todas las Organizaciones Culturales Comunitarias de Tierra Amarilla, Cha\u00f1aral, Diego de Almagro, Freirina y Copiap\u00f3 para participar de un ciclo de clases virtuales gratuitas donde se entregar\u00e1n diferentes herramientas necesarias para fortalecer la capacidad de gesti\u00f3n, organizaci\u00f3n interna y ejecuci\u00f3n de las organizaciones.<\/p>\n<p>En total son 144 horas de aprendizaje repartidas en clases semanales durante dos meses, donde tambi\u00e9n se ense\u00f1ar\u00e1 a formular proyectos culturales con vinculaci\u00f3n territorial, acortando as\u00ed una brecha importante para la postulaci\u00f3n y adjudicaci\u00f3n a fondos concursables.<\/p>\n<p>Cabe destacar que esta iniciativa es posible en el marco del Convenio de\u00a0<em>Colaboraci\u00f3n Mutua y Transferencia de Recursos<\/em>\u00a0del Ministerio De Las Culturas, Las Artes Y El Patrimonio, Regi\u00f3n De Atacama, en conjunto con la Agrupaci\u00f3n Cultural y Recreativa Cantantes L\u00edricos Atacama, en l\u00ednea con el programa Red Cultura y el Plan de Trabajo de la Mesa Regional de OCC Atacama en estado de emergencia 2020.<\/p>\n<p>Sobre la convocatoria la Seremi de Las Culturas, Las Artes y el Patrimonio de la Regi\u00f3n de Atacama, Mar\u00eda Cecilia Simunovic Ram\u00edrez, indic\u00f3 que para recibir informaci\u00f3n basta con escribir al correo\u00a0<a href=\"mailto:tallerocc2021@gmail.com\">tallerocc2021@gmail.com<\/a>\u00a0y destac\u00f3 \u201cque nuestro ministerio dentro de su misi\u00f3n tiene la tarea de promover el desarrollo cultural y estimular la participaci\u00f3n activa de la ciudadan\u00eda en su logro, acci\u00f3n que a trav\u00e9s de este convenio de colaboraci\u00f3n con la La Agrupaci\u00f3n Cultural y Recreativa Cantantes L\u00edricos Atacama, estamos desarrollando, permitiendo a las Organizaciones Culturales Comunitarias de Tierra Amarilla, Cha\u00f1aral, Diego de Almagro, Freirina y Copiap\u00f3, acceder a talleres y conocimientos que fortalecer\u00e1n su gesti\u00f3n en el territorio, por lo que les invit\u00f3 a que se inscriban y aprovechen esta oportunidad\u201d, subray\u00f3.<\/p>\n<p>Por su parte y respecto de los contenidos, la Directora de Gesti\u00f3n de Proyectos de la Agrupaci\u00f3n Cultural y Recreativa Cantantes L\u00edricos Atacama, Ver\u00f3nica Pizarro, aclar\u00f3 que\u00a0<em>\u201clas tem\u00e1ticas se abordan en 5 m\u00f3dulos: I. Conceptos y componentes de Cultura Comunitaria. II. Herramientas b\u00e1sicas para construir un diagn\u00f3stico participativo, como lectura de las necesidades culturales de un territorio. III. Componentes de un Proyecto y los pasos para su formulaci\u00f3n. IV. Herramientas de planificaci\u00f3n para la gesti\u00f3n y ejecuci\u00f3n de proyectos culturales territoriales. V. Exposiciones de los proyectos generados durante el curso\u201d.<\/em><\/p>\n<p>Adem\u00e1s\u00a0\u201cpara la sesi\u00f3n final se propone un Cabildo Cultural, que promueva una agenda com\u00fan entre los gestores, cultores, artistas, fortaleciendo al sector de la sociedad civil organizada para fomentar la creatividad y las disciplinas art\u00edsticas por parte de las comunidades\u201d, finaliz\u00f3 Ver\u00f3nica Pizarro.<\/p>\n","protected":false},"excerpt":{"rendered":"<p>Ense\u00f1ar\u00e1n herramientas para fortalecer la capacidad de gesti\u00f3n, organizaci\u00f3n interna y formulaci\u00f3n de proyectos. La Agrupaci\u00f3n Cultural y Recreativa Cantantes L\u00edricos Atacama en colaboraci\u00f3n con&hellip; <\/p>\n","protected":false},"author":2,"featured_media":35470,"comment_status":"open","ping_status":"closed","sticky":false,"template":"","format":"standard","meta":{"footnotes":""},"categories":[38],"tags":[],"class_list":["post-35469","post","type-post","status-publish","format-standard","has-post-thumbnail","hentry","category-portada-regional"],"_links":{"self":[{"href":"https:\/\/www.radioamigavallenar.cl\/index.php?rest_route=\/wp\/v2\/posts\/35469","targetHints":{"allow":["GET"]}}],"collection":[{"href":"https:\/\/www.radioamigavallenar.cl\/index.php?rest_route=\/wp\/v2\/posts"}],"about":[{"href":"https:\/\/www.radioamigavallenar.cl\/index.php?rest_route=\/wp\/v2\/types\/post"}],"author":[{"embeddable":true,"href":"https:\/\/www.radioamigavallenar.cl\/index.php?rest_route=\/wp\/v2\/users\/2"}],"replies":[{"embeddable":true,"href":"https:\/\/www.radioamigavallenar.cl\/index.php?rest_route=%2Fwp%2Fv2%2Fcomments&post=35469"}],"version-history":[{"count":2,"href":"https:\/\/www.radioamigavallenar.cl\/index.php?rest_route=\/wp\/v2\/posts\/35469\/revisions"}],"predecessor-version":[{"id":35472,"href":"https:\/\/www.radioamigavallenar.cl\/index.php?rest_route=\/wp\/v2\/posts\/35469\/revisions\/35472"}],"wp:featuredmedia":[{"embeddable":true,"href":"https:\/\/www.radioamigavallenar.cl\/index.php?rest_route=\/wp\/v2\/media\/35470"}],"wp:attachment":[{"href":"https:\/\/www.radioamigavallenar.cl\/index.php?rest_route=%2Fwp%2Fv2%2Fmedia&parent=35469"}],"wp:term":[{"taxonomy":"category","embeddable":true,"href":"https:\/\/www.radioamigavallenar.cl\/index.php?rest_route=%2Fwp%2Fv2%2Fcategories&post=35469"},{"taxonomy":"post_tag","embeddable":true,"href":"https:\/\/www.radioamigavallenar.cl\/index.php?rest_route=%2Fwp%2Fv2%2Ftags&post=35469"}],"curies":[{"name":"wp","href":"https:\/\/api.w.org\/{rel}","templated":true}]}}