{"id":35466,"date":"2021-02-02T10:44:07","date_gmt":"2021-02-02T13:44:07","guid":{"rendered":"https:\/\/www.radioamigavallenar.cl\/?p=35466"},"modified":"2021-02-02T10:44:07","modified_gmt":"2021-02-02T13:44:07","slug":"alcalde-de-vallenar-se-reune-con-contralor-regional-de-atacama-para-la-renovacion-del-convenio-colaborativo-de-revision-previa-de-juridicidad","status":"publish","type":"post","link":"https:\/\/www.radioamigavallenar.cl\/?p=35466","title":{"rendered":"Alcalde de Vallenar se re\u00fane con contralor regional de Atacama para la renovaci\u00f3n del convenio colaborativo de \u201cRevisi\u00f3n previa de juridicidad\u201d"},"content":{"rendered":"<p>A trav\u00e9s de la plataforma digital ZOOM, se dio cita a este primer encuentro protocolar ente el alcalde de la comuna de Vallenar V\u00edctor Isla Lutz y el Contralor General Regional Eduardo Veliz Guajardo, a quien, el municipio de Vallenar brindar\u00e1 todas las herramientas y log\u00edstica necesaria para mejorar la transparencia y los procesos internos y externo que lleva el municipio.<\/p>\n<p>En dicho encuentro, participaron el Director Jur\u00eddico Municipal Javier Villegas, la Directora de Control Interno C\u00e9lica Medina y el Administrador Municipal Gonzalo Cort\u00e9s, quienes, quedaron con l\u00ednea directa con el ente fiscalizador.<\/p>\n<p>Uno de los puntos relevantes tratados en la reuni\u00f3n, fue el acuerdo para la renovaci\u00f3n del convenio colaborativo de \u201cRevisi\u00f3n previa de juridicidad\u201d que existe entre ambos estamentos. Este instrumento sirve para, entre otras cosas, revisar y visar bases de licitaciones y contratos.<\/p>\n<p>Tambi\u00e9n se acord\u00f3, optimizar los canales de comunicaci\u00f3n entre ambas instituciones, para efectos de mejorar los tiempos de respuesta respecto de los informes y pre informes requeridos por el \u00f3rgano contralor regional y que dan cuenta de la gesti\u00f3n administrativa interna del municipio, con el prop\u00f3sito de adecuar los procesos a los tiempos de Pandemia y al mismo tiempo avanzar en transparencia.<\/p>\n<p>\u201cEl sello que hemos querido dar a nuestra gesti\u00f3n, es atender los procesos de transparencia y potenciar los buenos actos administrativos. Es por ello que, luego de nuestra reuni\u00f3n con el contralor regional, hemos delineado una estrategia de trabajo colaborativo entre ambas entidades para que nuestros procesos internos y externos sean los m\u00e1s transparente posible\u201d. Se\u00f1al\u00f3 el Alcalde Isla.<\/p>\n<p>Finalmente, el edil, junto a su equipo t\u00e9cnico, agradecieron la voluntad y disposici\u00f3n del Contralor Regional Eduardo Veliz Guajardo.<\/p>\n","protected":false},"excerpt":{"rendered":"<p>A trav\u00e9s de la plataforma digital ZOOM, se dio cita a este primer encuentro protocolar ente el alcalde de la comuna de Vallenar V\u00edctor Isla&hellip; <\/p>\n","protected":false},"author":2,"featured_media":35467,"comment_status":"open","ping_status":"closed","sticky":false,"template":"","format":"standard","meta":{"footnotes":""},"categories":[7],"tags":[],"class_list":["post-35466","post","type-post","status-publish","format-standard","has-post-thumbnail","hentry","category-atacama"],"_links":{"self":[{"href":"https:\/\/www.radioamigavallenar.cl\/index.php?rest_route=\/wp\/v2\/posts\/35466","targetHints":{"allow":["GET"]}}],"collection":[{"href":"https:\/\/www.radioamigavallenar.cl\/index.php?rest_route=\/wp\/v2\/posts"}],"about":[{"href":"https:\/\/www.radioamigavallenar.cl\/index.php?rest_route=\/wp\/v2\/types\/post"}],"author":[{"embeddable":true,"href":"https:\/\/www.radioamigavallenar.cl\/index.php?rest_route=\/wp\/v2\/users\/2"}],"replies":[{"embeddable":true,"href":"https:\/\/www.radioamigavallenar.cl\/index.php?rest_route=%2Fwp%2Fv2%2Fcomments&post=35466"}],"version-history":[{"count":1,"href":"https:\/\/www.radioamigavallenar.cl\/index.php?rest_route=\/wp\/v2\/posts\/35466\/revisions"}],"predecessor-version":[{"id":35468,"href":"https:\/\/www.radioamigavallenar.cl\/index.php?rest_route=\/wp\/v2\/posts\/35466\/revisions\/35468"}],"wp:featuredmedia":[{"embeddable":true,"href":"https:\/\/www.radioamigavallenar.cl\/index.php?rest_route=\/wp\/v2\/media\/35467"}],"wp:attachment":[{"href":"https:\/\/www.radioamigavallenar.cl\/index.php?rest_route=%2Fwp%2Fv2%2Fmedia&parent=35466"}],"wp:term":[{"taxonomy":"category","embeddable":true,"href":"https:\/\/www.radioamigavallenar.cl\/index.php?rest_route=%2Fwp%2Fv2%2Fcategories&post=35466"},{"taxonomy":"post_tag","embeddable":true,"href":"https:\/\/www.radioamigavallenar.cl\/index.php?rest_route=%2Fwp%2Fv2%2Ftags&post=35466"}],"curies":[{"name":"wp","href":"https:\/\/api.w.org\/{rel}","templated":true}]}}