{"id":35463,"date":"2021-02-02T09:08:33","date_gmt":"2021-02-02T12:08:33","guid":{"rendered":"https:\/\/www.radioamigavallenar.cl\/?p=35463"},"modified":"2021-02-02T09:08:33","modified_gmt":"2021-02-02T12:08:33","slug":"el-numero-de-pernoctaciones-en-los-establecimientos-de-alojamiento-turistico-en-atacama-disminuyo-40-en-diciembre-2020","status":"publish","type":"post","link":"https:\/\/www.radioamigavallenar.cl\/?p=35463","title":{"rendered":"El n\u00famero de pernoctaciones en los establecimientos de alojamiento tur\u00edstico en Atacama disminuy\u00f3 4,0% en diciembre 2020"},"content":{"rendered":"<p class=\"v1MsoNormal\"><strong>De acuerdo con la Encuesta Mensual de Alojamiento Tur\u00edstico (EMAT) publicada esta ma\u00f1ana por el Instituto Nacional de Estad\u00edsticas (INE), en diciembre de 2020 se registraron 38.568 pernoctaciones a nivel regional, decreciendo 4,0% respecto del mismo mes del a\u00f1o anterior.\u00a0En el per\u00edodo enero-diciembre 2020, la regi\u00f3n decreci\u00f3 25,4% en este indicador, al compararlo con igual per\u00edodo de 2019.<\/strong><span id=\"more-133820\"><\/span><\/p>\n<p class=\"v1MsoNormal\">La tasa de ocupaci\u00f3n en habitaciones fue de 37,3% a nivel regional, aumentando 14,67<b>\u00a0<\/b>puntos porcentuales (pp.) en doce meses, mientras que, a\u00a0nivel nacional, lleg\u00f3 a 26,7%. Atacama se situ\u00f3 en el segundo lugar entre las regiones con mayor tasa de ocupaci\u00f3n.<\/p>\n<p class=\"v1MsoNormal\">De acuerdo a las estimaciones de los coeficientes de variaci\u00f3n presentados para el per\u00edodo de an\u00e1lisis, el INE ha considerado que los datos a nivel nacional cuentan con calidad suficiente para su difusi\u00f3n y su uso por parte de los diferentes usuarios de esta estad\u00edstica.<\/p>\n<p class=\"v1MsoNormal\">Para los datos entregados a nivel regional se sugiere tener cautela en su an\u00e1lisis debido a que, en las pernoctaciones, llegadas, tasas de ocupaci\u00f3n y Revpar, existen regiones que sobrepasan el umbral recomendado del 30% en el coeficiente de variaci\u00f3n.<\/p>\n","protected":false},"excerpt":{"rendered":"<p>De acuerdo con la Encuesta Mensual de Alojamiento Tur\u00edstico (EMAT) publicada esta ma\u00f1ana por el Instituto Nacional de Estad\u00edsticas (INE), en diciembre de 2020 se&hellip; <\/p>\n","protected":false},"author":2,"featured_media":35464,"comment_status":"open","ping_status":"closed","sticky":false,"template":"","format":"standard","meta":{"footnotes":""},"categories":[7],"tags":[],"class_list":["post-35463","post","type-post","status-publish","format-standard","has-post-thumbnail","hentry","category-atacama"],"_links":{"self":[{"href":"https:\/\/www.radioamigavallenar.cl\/index.php?rest_route=\/wp\/v2\/posts\/35463","targetHints":{"allow":["GET"]}}],"collection":[{"href":"https:\/\/www.radioamigavallenar.cl\/index.php?rest_route=\/wp\/v2\/posts"}],"about":[{"href":"https:\/\/www.radioamigavallenar.cl\/index.php?rest_route=\/wp\/v2\/types\/post"}],"author":[{"embeddable":true,"href":"https:\/\/www.radioamigavallenar.cl\/index.php?rest_route=\/wp\/v2\/users\/2"}],"replies":[{"embeddable":true,"href":"https:\/\/www.radioamigavallenar.cl\/index.php?rest_route=%2Fwp%2Fv2%2Fcomments&post=35463"}],"version-history":[{"count":1,"href":"https:\/\/www.radioamigavallenar.cl\/index.php?rest_route=\/wp\/v2\/posts\/35463\/revisions"}],"predecessor-version":[{"id":35465,"href":"https:\/\/www.radioamigavallenar.cl\/index.php?rest_route=\/wp\/v2\/posts\/35463\/revisions\/35465"}],"wp:featuredmedia":[{"embeddable":true,"href":"https:\/\/www.radioamigavallenar.cl\/index.php?rest_route=\/wp\/v2\/media\/35464"}],"wp:attachment":[{"href":"https:\/\/www.radioamigavallenar.cl\/index.php?rest_route=%2Fwp%2Fv2%2Fmedia&parent=35463"}],"wp:term":[{"taxonomy":"category","embeddable":true,"href":"https:\/\/www.radioamigavallenar.cl\/index.php?rest_route=%2Fwp%2Fv2%2Fcategories&post=35463"},{"taxonomy":"post_tag","embeddable":true,"href":"https:\/\/www.radioamigavallenar.cl\/index.php?rest_route=%2Fwp%2Fv2%2Ftags&post=35463"}],"curies":[{"name":"wp","href":"https:\/\/api.w.org\/{rel}","templated":true}]}}