{"id":35460,"date":"2021-02-02T09:05:44","date_gmt":"2021-02-02T12:05:44","guid":{"rendered":"https:\/\/www.radioamigavallenar.cl\/?p=35460"},"modified":"2021-02-02T09:05:44","modified_gmt":"2021-02-02T12:05:44","slug":"serviu-inicia-investigacion-sumaria-ante-denuncia-sobre-posible-caso-de-mal-uso-de-vehiculo-fiscal-por-parte-de-funcionario-administrativo","status":"publish","type":"post","link":"https:\/\/www.radioamigavallenar.cl\/?p=35460","title":{"rendered":"SERVIU inicia investigaci\u00f3n sumaria ante denuncia sobre posible caso de mal uso de veh\u00edculo fiscal por parte de funcionario administrativo"},"content":{"rendered":"<p>El Servicio de Vivienda y Urbanizaci\u00f3n de Atacama, Serviu Atacama, en una declaraci\u00f3n p\u00fablica se\u00f1al\u00f3 que: \u201cen las \u00faltimas horas, hemos tomado conocimiento de una \u201cdenuncia an\u00f3nima\u201d, a trav\u00e9s de un video en redes sociales; sobre un posible caso de mal uso de un veh\u00edculo fiscal por parte de un funcionario administrativo de nuestro Servicio\u201d.<\/p>\n<p>\u201cPor este motivo, el Director (s) Luis Rivera D\u00edaz, ha instruido el inicio de una investigaci\u00f3n sumaria, mediante Resoluci\u00f3n Exenta N\u00b0 148, de fecha 01\/02\/2021. Los detalles del caso, de car\u00e1cter reservado, son materia del sumario administrativo, a cargo de la Unidad de Contralor\u00eda Interna\u201d.<\/p>\n<p>\u201cPara finalizar, recordamos a la comunidad que el Serviu Atacama posee canales oficiales para recibir sugerencias, reclamos y, tambi\u00e9n, denuncias; de manera formal, no an\u00f3nimas, en el correo correspondenciaserviuatacama@minvu.cl\u201c, finaliza la declaraci\u00f3n.<\/p>\n","protected":false},"excerpt":{"rendered":"<p>El Servicio de Vivienda y Urbanizaci\u00f3n de Atacama, Serviu Atacama, en una declaraci\u00f3n p\u00fablica se\u00f1al\u00f3 que: \u201cen las \u00faltimas horas, hemos tomado conocimiento de una&hellip; <\/p>\n","protected":false},"author":2,"featured_media":35461,"comment_status":"open","ping_status":"closed","sticky":false,"template":"","format":"standard","meta":{"footnotes":""},"categories":[7],"tags":[],"class_list":["post-35460","post","type-post","status-publish","format-standard","has-post-thumbnail","hentry","category-atacama"],"_links":{"self":[{"href":"https:\/\/www.radioamigavallenar.cl\/index.php?rest_route=\/wp\/v2\/posts\/35460","targetHints":{"allow":["GET"]}}],"collection":[{"href":"https:\/\/www.radioamigavallenar.cl\/index.php?rest_route=\/wp\/v2\/posts"}],"about":[{"href":"https:\/\/www.radioamigavallenar.cl\/index.php?rest_route=\/wp\/v2\/types\/post"}],"author":[{"embeddable":true,"href":"https:\/\/www.radioamigavallenar.cl\/index.php?rest_route=\/wp\/v2\/users\/2"}],"replies":[{"embeddable":true,"href":"https:\/\/www.radioamigavallenar.cl\/index.php?rest_route=%2Fwp%2Fv2%2Fcomments&post=35460"}],"version-history":[{"count":1,"href":"https:\/\/www.radioamigavallenar.cl\/index.php?rest_route=\/wp\/v2\/posts\/35460\/revisions"}],"predecessor-version":[{"id":35462,"href":"https:\/\/www.radioamigavallenar.cl\/index.php?rest_route=\/wp\/v2\/posts\/35460\/revisions\/35462"}],"wp:featuredmedia":[{"embeddable":true,"href":"https:\/\/www.radioamigavallenar.cl\/index.php?rest_route=\/wp\/v2\/media\/35461"}],"wp:attachment":[{"href":"https:\/\/www.radioamigavallenar.cl\/index.php?rest_route=%2Fwp%2Fv2%2Fmedia&parent=35460"}],"wp:term":[{"taxonomy":"category","embeddable":true,"href":"https:\/\/www.radioamigavallenar.cl\/index.php?rest_route=%2Fwp%2Fv2%2Fcategories&post=35460"},{"taxonomy":"post_tag","embeddable":true,"href":"https:\/\/www.radioamigavallenar.cl\/index.php?rest_route=%2Fwp%2Fv2%2Ftags&post=35460"}],"curies":[{"name":"wp","href":"https:\/\/api.w.org\/{rel}","templated":true}]}}