{"id":35457,"date":"2021-02-02T08:59:08","date_gmt":"2021-02-02T11:59:08","guid":{"rendered":"https:\/\/www.radioamigavallenar.cl\/?p=35457"},"modified":"2021-02-02T08:59:08","modified_gmt":"2021-02-02T11:59:08","slug":"slep-atacama-dotara-con-desfibriladores-a-20-escuelas-y-liceos-de-copiapo","status":"publish","type":"post","link":"https:\/\/www.radioamigavallenar.cl\/?p=35457","title":{"rendered":"SLEP Atacama dotar\u00e1 con desfibriladores a 20 escuelas y liceos de Copiap\u00f3"},"content":{"rendered":"<p>En el marco de la Ley 21.156, que obliga a los establecimientos educacionales a contar con equipos desfibriladores externos autom\u00e1ticos, el SLEP Atacama gestion\u00f3 la compra de 20 de estos aparatos, que permiten responder a emergencias causadas por paros cardiorrespiratorios.<\/p>\n<p>Veinte desfibriladores externos autom\u00e1ticos ser\u00e1n entregados a escuelas y liceos de Copiap\u00f3, con el fin de dar cumplimiento a lo dispuesto en la Ley 21.156 que obliga a los establecimientos educacionales a mantener estos aparatos entre sus equipos de primeros auxilios, con el fin de responder a emergencias causadas por un paro cardiorrespiratorio.<\/p>\n<p>El material fue adquirido luego de que el Encargado de Prevenci\u00f3n de Riesgos del SLEP Atacama\u00a0realizara un levantamiento de informaci\u00f3n con los establecimientos de la ciudad, para luego informar a la Municipalidad de Copiap\u00f3 de la necesidad de cumplir con la normativa. Esto, en el marco del proceso de traspaso de los jardines infantiles VTF, escuelas y liceos que estaban a cargo del DAEM de Copiap\u00f3, al Servicio Local de Educaci\u00f3n P\u00fablica Atacama.<\/p>\n<p>Las escuelas que recibir\u00e1n estos equipos son: Escuela Bernardo O\u2019Higgins, Escuela Abraham Sep\u00falveda Pizarro, Escuela Los Estandartes, Escuela Vicente Sep\u00falveda Rojo, Escuela Pedro Le\u00f3n Gallo, Colegio Buen Pastor, Escuela Jos\u00e9 Manso de Velasco, Escuela Isabel Pe\u00f1a Morales, Escuela Hern\u00e1n M\u00e1rquez Huerta, Escuela Las Canteras, Escuela Laura Robles Silva, Liceo Fernando Arizt\u00eda Ruiz, Escuela Bruno Zavala Fredes, Escuela El Cha\u00f1ar, Escuela Carlos Mar\u00eda Zavago, Instituto Comercial Alejandro Rivera D\u00edaz, Liceo Jos\u00e9 Antonio Carvajal, Liceo Bicentenario Mercedes Fritis Mackenney, Liceo de M\u00fasica Hugo Garrido Gaete y Liceo Tecnol\u00f3gico.<\/p>\n<p>Estos establecimientos educacionales fueron priorizados por el n\u00famero de su matr\u00edcula, que se encuentra entre los 590 y los 1.200 estudiantes, en concordancia con lo que estipula el reglamento de la Ley 21.156 del Ministerio de Salud.<\/p>\n","protected":false},"excerpt":{"rendered":"<p>En el marco de la Ley 21.156, que obliga a los establecimientos educacionales a contar con equipos desfibriladores externos autom\u00e1ticos, el SLEP Atacama gestion\u00f3 la&hellip; <\/p>\n","protected":false},"author":2,"featured_media":35458,"comment_status":"open","ping_status":"closed","sticky":false,"template":"","format":"standard","meta":{"footnotes":""},"categories":[7],"tags":[],"class_list":["post-35457","post","type-post","status-publish","format-standard","has-post-thumbnail","hentry","category-atacama"],"_links":{"self":[{"href":"https:\/\/www.radioamigavallenar.cl\/index.php?rest_route=\/wp\/v2\/posts\/35457","targetHints":{"allow":["GET"]}}],"collection":[{"href":"https:\/\/www.radioamigavallenar.cl\/index.php?rest_route=\/wp\/v2\/posts"}],"about":[{"href":"https:\/\/www.radioamigavallenar.cl\/index.php?rest_route=\/wp\/v2\/types\/post"}],"author":[{"embeddable":true,"href":"https:\/\/www.radioamigavallenar.cl\/index.php?rest_route=\/wp\/v2\/users\/2"}],"replies":[{"embeddable":true,"href":"https:\/\/www.radioamigavallenar.cl\/index.php?rest_route=%2Fwp%2Fv2%2Fcomments&post=35457"}],"version-history":[{"count":1,"href":"https:\/\/www.radioamigavallenar.cl\/index.php?rest_route=\/wp\/v2\/posts\/35457\/revisions"}],"predecessor-version":[{"id":35459,"href":"https:\/\/www.radioamigavallenar.cl\/index.php?rest_route=\/wp\/v2\/posts\/35457\/revisions\/35459"}],"wp:featuredmedia":[{"embeddable":true,"href":"https:\/\/www.radioamigavallenar.cl\/index.php?rest_route=\/wp\/v2\/media\/35458"}],"wp:attachment":[{"href":"https:\/\/www.radioamigavallenar.cl\/index.php?rest_route=%2Fwp%2Fv2%2Fmedia&parent=35457"}],"wp:term":[{"taxonomy":"category","embeddable":true,"href":"https:\/\/www.radioamigavallenar.cl\/index.php?rest_route=%2Fwp%2Fv2%2Fcategories&post=35457"},{"taxonomy":"post_tag","embeddable":true,"href":"https:\/\/www.radioamigavallenar.cl\/index.php?rest_route=%2Fwp%2Fv2%2Ftags&post=35457"}],"curies":[{"name":"wp","href":"https:\/\/api.w.org\/{rel}","templated":true}]}}