{"id":35455,"date":"2021-02-02T08:51:45","date_gmt":"2021-02-02T11:51:45","guid":{"rendered":"https:\/\/www.radioamigavallenar.cl\/?p=35455"},"modified":"2021-02-02T08:51:45","modified_gmt":"2021-02-02T11:51:45","slug":"ministra-de-agricultura-descarto-alza-de-precios-tras-danos-en-cultivos-por-lluvias-y-aluviones","status":"publish","type":"post","link":"https:\/\/www.radioamigavallenar.cl\/?p=35455","title":{"rendered":"Ministra de Agricultura descart\u00f3 alza de precios tras Da\u00f1os en cultivos por lluvias y aluviones"},"content":{"rendered":"<p><strong>De todos modos, por ser la \u00e9poca del a\u00f1o en que \u00ablos cultivos est\u00e1n m\u00e1s productivos\u00bb, el Gobierno espera que haya \u00abreemplazos por otras regiones\u00bb.<\/strong><span id=\"more-236266\"><\/span><\/p>\n<p>A pesar de los<strong>\u00a0importantes estragos que dej\u00f3 el sistema frontal<\/strong>\u00a0del fin de semana\u00a0<strong>en distintos cultivos<\/strong>\u00a0de la zona central, la ministra de Agricultura,\u00a0<strong>Mar\u00eda Emilia Undurraga<\/strong>, se\u00f1al\u00f3 que\u00a0<strong>por ahora no se prev\u00e9 un alza de precios<\/strong>\u00a0en frutas, verduras u hortalizas.<\/p>\n<p>\u00abNo estamos viendo eso por el momento, pero s\u00ed estamos conscientes de que tenemos que ir evaluando, porque\u00a0<strong>por ejemplo el tomate, que fue muy afectado, tenemos que ver en qu\u00e9 cantidad<\/strong>, (pues) tenemos tomate desde Arica hasta muy al sur\u00bb, explic\u00f3 la secretaria de Estado,\u00a0se\u00f1alando que est\u00e1n en medio de un catastro para determinar el da\u00f1o.<\/p>\n<p>En definitiva, al t\u00e9rmino de este an\u00e1lisis -que deber\u00eda estar listo esta semana- \u00ab<strong>vamos a ver qu\u00e9 regi\u00f3n suple los distintos cultivos<\/strong>, y vamos a seguir haciendo este\u00a0<strong>monitoreo de precios<\/strong>\u00a0desde el Ministerio en ferias, mercados mayoristas y supermercados para ir viendo c\u00f3mo impacta eso tambi\u00e9n en los consumidores\u00bb.<\/p>\n<p>\u00abEs la \u00e9poca del a\u00f1o en que los cultivos est\u00e1n m\u00e1s productivos, as\u00ed que\u00a0<strong>creemos que va a haber reemplazos por otras regiones<\/strong>\u00a0de los m\u00e1s solicitados en esta \u00e9poca\u00bb, prev\u00e9.<\/p>\n<p>Respecto al impacto a mediano plazo de las fuertes lluvias y -en algunas zonas- aluviones, el Ministerio de Agricultura espera tener una\u00a0<strong>revisi\u00f3n \u00edntegra de la pudrici\u00f3n y enfermedades fungosas<\/strong>\u00a0en tres semanas m\u00e1s.<\/p>\n<h2 style=\"text-align: center;\">AYUDAS ECON\u00d3MICAS PARA EL SECTOR<\/h2>\n<p>Sobre los\u00a0<strong>gremios que han\u00a0<\/strong><strong>exigido un respaldo monetario<\/strong>\u00a0ante esta situaci\u00f3n, Undurraga reafirm\u00f3 que \u00abel INDAP mismo tiene sistema de cr\u00e9ditos con seguros agropecuarios, as\u00ed que muchos usuarios van a estar cubiertos por los seguros medianos y grandes tambi\u00e9n, pero hay otro porcentaje que no lo est\u00e1, y eso es lo que queremos ver\u00bb.<\/p>\n<p>En ese sentido, adem\u00e1s de estar en una mesa de trabajo con los beneficiados por el INDAP, ya conversan con los fruticultores, con un foco en \u00ab<strong>c\u00f3mo vamos a inyectar liquidez para poder continuar con las operaciones de cosecha<\/strong>\u00a0en esta \u00e9poca y acompa\u00f1ar a los trabajadores agr\u00edcolas para terminarla\u00bb.<\/p>\n<p>Seg\u00fan la ministra, tras reunirse con ellos constat\u00f3 que \u00abtienen muchas ideas de c\u00f3mo podemos<strong>\u00a0adecuar el Fogape para algunas situaciones<\/strong>\u00ab, como pidieron desde Fedefruta en la \u00faltima jornada.<\/p>\n","protected":false},"excerpt":{"rendered":"<p>De todos modos, por ser la \u00e9poca del a\u00f1o en que \u00ablos cultivos est\u00e1n m\u00e1s productivos\u00bb, el Gobierno espera que haya \u00abreemplazos por otras regiones\u00bb.&hellip; <\/p>\n","protected":false},"author":2,"featured_media":34473,"comment_status":"open","ping_status":"closed","sticky":false,"template":"","format":"standard","meta":{"footnotes":""},"categories":[37],"tags":[],"class_list":["post-35455","post","type-post","status-publish","format-standard","has-post-thumbnail","hentry","category-nacional"],"_links":{"self":[{"href":"https:\/\/www.radioamigavallenar.cl\/index.php?rest_route=\/wp\/v2\/posts\/35455","targetHints":{"allow":["GET"]}}],"collection":[{"href":"https:\/\/www.radioamigavallenar.cl\/index.php?rest_route=\/wp\/v2\/posts"}],"about":[{"href":"https:\/\/www.radioamigavallenar.cl\/index.php?rest_route=\/wp\/v2\/types\/post"}],"author":[{"embeddable":true,"href":"https:\/\/www.radioamigavallenar.cl\/index.php?rest_route=\/wp\/v2\/users\/2"}],"replies":[{"embeddable":true,"href":"https:\/\/www.radioamigavallenar.cl\/index.php?rest_route=%2Fwp%2Fv2%2Fcomments&post=35455"}],"version-history":[{"count":1,"href":"https:\/\/www.radioamigavallenar.cl\/index.php?rest_route=\/wp\/v2\/posts\/35455\/revisions"}],"predecessor-version":[{"id":35456,"href":"https:\/\/www.radioamigavallenar.cl\/index.php?rest_route=\/wp\/v2\/posts\/35455\/revisions\/35456"}],"wp:featuredmedia":[{"embeddable":true,"href":"https:\/\/www.radioamigavallenar.cl\/index.php?rest_route=\/wp\/v2\/media\/34473"}],"wp:attachment":[{"href":"https:\/\/www.radioamigavallenar.cl\/index.php?rest_route=%2Fwp%2Fv2%2Fmedia&parent=35455"}],"wp:term":[{"taxonomy":"category","embeddable":true,"href":"https:\/\/www.radioamigavallenar.cl\/index.php?rest_route=%2Fwp%2Fv2%2Fcategories&post=35455"},{"taxonomy":"post_tag","embeddable":true,"href":"https:\/\/www.radioamigavallenar.cl\/index.php?rest_route=%2Fwp%2Fv2%2Ftags&post=35455"}],"curies":[{"name":"wp","href":"https:\/\/api.w.org\/{rel}","templated":true}]}}