{"id":35452,"date":"2021-02-02T06:00:40","date_gmt":"2021-02-02T09:00:40","guid":{"rendered":"https:\/\/www.radioamigavallenar.cl\/?p=35452"},"modified":"2021-02-01T20:47:30","modified_gmt":"2021-02-01T23:47:30","slug":"servicios-preventivos-permanentes-en-balnearios-de-la-region-de-atacama","status":"publish","type":"post","link":"https:\/\/www.radioamigavallenar.cl\/?p=35452","title":{"rendered":"Servicios preventivos permanentes en balnearios de la regi\u00f3n de Atacama"},"content":{"rendered":"<ul>\n<li>Mejorar la sensaci\u00f3n de seguridad y prevenir hechos delictuales es la finalidad de los servicios dispuestos durante la temporada estival.<\/li>\n<\/ul>\n<p>El Plan Verano Seguro dispuesto por Carabineros en el litoral de Atacama ha permitido que los veraneantes que llegan a disfrutar de las c\u00e1lidas aguas y blancas arenas de las playas de la regi\u00f3n lo hagan con la tranquilidad y el convencimiento que Carabineros est\u00e1 siempre presente y junto a la comunidad a la que le corresponde servir.<\/p>\n<p>La presencia de Carabineros es muy relevante, porque permite brindar mayor seguridad y tranquilidad a los veraneantes y residentes permanentes, y as\u00ed ha quedado reflejado durante todo el mes de enero en que el personal ha estado desarrollando un trabajo permanente las 24 horas del d\u00eda, dialogando, vigilando y auxiliando a quienes han sido v\u00edctima de un hecho delictivo, accidente de tr\u00e1nsito o bien de quienes por alg\u00fan motivo en particular requirieron de la presencia policial. Sin dejar de lado el trabajo preventivo y de fiscalizaci\u00f3n por la pandemia que se est\u00e1 viviendo en la regi\u00f3n, el pa\u00eds y el mundo entero.<\/p>\n<p>\u201cNuestro compromiso es marcar presencia efectiva 24\/7 en las calles de toda la regi\u00f3n. Por esto estamos enfocando nuestros esfuerzos hacia la prevenci\u00f3n y la seguridad de la ciudadan\u00eda, reforzando los patrullajes en cada uno de los balnearios de Atacama y para ello desde el inicio de la temporada estival se dispuso m\u00e1s personal y en aquellos balnearios m\u00e1s concurridos se instalaron Retenes Temporales\u201d. As\u00ed lo destac\u00f3 el Jefe de la III Zona Atacama, General Luis Aguilera Mendoza.<\/p>\n<p>Los patrullajes que se est\u00e1n llevando a efecto tienen como misi\u00f3n que Carabineros vele por el resguardo de los turistas, veraneantes y residentes, potenciando de esta forma la vigilancia y tambi\u00e9n fortalezca la capacidad de respuesta ante una emergencia. \u201cTodos los ciudadanos merecen vivir tranquilos y en paz donde quieran que est\u00e9n. Siempre priorizando el bien com\u00fan\u201d. Manifest\u00f3 el General Aguilera, reiterando el llamado a la prevenci\u00f3n y autocuidado.<\/p>\n","protected":false},"excerpt":{"rendered":"<p>Mejorar la sensaci\u00f3n de seguridad y prevenir hechos delictuales es la finalidad de los servicios dispuestos durante la temporada estival. El Plan Verano Seguro dispuesto&hellip; <\/p>\n","protected":false},"author":2,"featured_media":35453,"comment_status":"open","ping_status":"closed","sticky":false,"template":"","format":"standard","meta":{"footnotes":""},"categories":[7],"tags":[],"class_list":["post-35452","post","type-post","status-publish","format-standard","has-post-thumbnail","hentry","category-atacama"],"_links":{"self":[{"href":"https:\/\/www.radioamigavallenar.cl\/index.php?rest_route=\/wp\/v2\/posts\/35452","targetHints":{"allow":["GET"]}}],"collection":[{"href":"https:\/\/www.radioamigavallenar.cl\/index.php?rest_route=\/wp\/v2\/posts"}],"about":[{"href":"https:\/\/www.radioamigavallenar.cl\/index.php?rest_route=\/wp\/v2\/types\/post"}],"author":[{"embeddable":true,"href":"https:\/\/www.radioamigavallenar.cl\/index.php?rest_route=\/wp\/v2\/users\/2"}],"replies":[{"embeddable":true,"href":"https:\/\/www.radioamigavallenar.cl\/index.php?rest_route=%2Fwp%2Fv2%2Fcomments&post=35452"}],"version-history":[{"count":1,"href":"https:\/\/www.radioamigavallenar.cl\/index.php?rest_route=\/wp\/v2\/posts\/35452\/revisions"}],"predecessor-version":[{"id":35454,"href":"https:\/\/www.radioamigavallenar.cl\/index.php?rest_route=\/wp\/v2\/posts\/35452\/revisions\/35454"}],"wp:featuredmedia":[{"embeddable":true,"href":"https:\/\/www.radioamigavallenar.cl\/index.php?rest_route=\/wp\/v2\/media\/35453"}],"wp:attachment":[{"href":"https:\/\/www.radioamigavallenar.cl\/index.php?rest_route=%2Fwp%2Fv2%2Fmedia&parent=35452"}],"wp:term":[{"taxonomy":"category","embeddable":true,"href":"https:\/\/www.radioamigavallenar.cl\/index.php?rest_route=%2Fwp%2Fv2%2Fcategories&post=35452"},{"taxonomy":"post_tag","embeddable":true,"href":"https:\/\/www.radioamigavallenar.cl\/index.php?rest_route=%2Fwp%2Fv2%2Ftags&post=35452"}],"curies":[{"name":"wp","href":"https:\/\/api.w.org\/{rel}","templated":true}]}}