{"id":35449,"date":"2021-02-02T06:00:02","date_gmt":"2021-02-02T09:00:02","guid":{"rendered":"https:\/\/www.radioamigavallenar.cl\/?p=35449"},"modified":"2021-02-01T20:44:36","modified_gmt":"2021-02-01T23:44:36","slug":"investigan-hallazgo-de-un-hombre-sin-vida-en-el-paseo-ribereno-de-vallenar","status":"publish","type":"post","link":"https:\/\/www.radioamigavallenar.cl\/?p=35449","title":{"rendered":"Investigan hallazgo de un hombre sin vida en el Paseo Ribere\u00f1o de Vallenar"},"content":{"rendered":"<p><strong>Fiscal de turno, Luis Zepeda Rodr\u00edguez, orden\u00f3 diligencias a la Brigada de Homicidios de la PDI para indagar lo ocurrido.<\/strong><\/p>\n<p>La Fiscal\u00eda de Atacama abri\u00f3 una investigaci\u00f3n la tarde de ayer lunes en Vallenar, luego del hallazgo de un cuerpo sin vida de un hombre adulto en el sector del Paseo Ribere\u00f1o de esta ciudad.<\/p>\n<p>De acuerdo a los antecedentes preliminares de este hecho, aportados por el fiscal de turno, Luis Zepeda Rodr\u00edguez, alrededor de las 14 horas personas que pasaban por el mencionado lugar a la altura del puente Brasil, advirtieron la presencia del cuerpo en la ribera del r\u00edo dando aviso de inmediato a Carabineros quienes dieron cuenta al fiscal.<\/p>\n<p>\u201cUna vez que la Fiscal\u00eda tom\u00f3 antecedentes de este hallazgo orden\u00f3 la presencia en el lugar de personal de la Bicrim de la PDI de Vallenar y luego de peritos de la Brigada de Homicidios de la misma polic\u00eda para trabajar el sitio del hallazgo y determinar las causas probables del fallecimiento y si hubo o no actuaci\u00f3n de terceras personas. Cuesti\u00f3n que por ahora es materia de la investigaci\u00f3n\u201d, dijo el fiscal.<\/p>\n<p>Zepeda agreg\u00f3 que al momento del trabajo de personal especializado de la Brigada de Homicidios, el cuerpo no estaba en condiciones de ser sometido a pericias en el lugar del hallazgo. Motivo por el que fue derivado al Servicio M\u00e9dico Legal de esta ciudad, lugar en que se le realizar\u00e1 la autopsia de rigor para poder establecer la causa definitiva del deceso.<\/p>\n<p>Respecto de la identificaci\u00f3n del hombre fallecido, el fiscal se\u00f1al\u00f3 que existe una posible identidad, pero que de todas maneras se realizar\u00e1n todas las pruebas cient\u00edficas y toma de huellas pertinentes que permitan confirmarla o descartarla.<\/p>\n","protected":false},"excerpt":{"rendered":"<p>Fiscal de turno, Luis Zepeda Rodr\u00edguez, orden\u00f3 diligencias a la Brigada de Homicidios de la PDI para indagar lo ocurrido. La Fiscal\u00eda de Atacama abri\u00f3&hellip; <\/p>\n","protected":false},"author":2,"featured_media":35450,"comment_status":"open","ping_status":"closed","sticky":false,"template":"","format":"standard","meta":{"footnotes":""},"categories":[7],"tags":[],"class_list":["post-35449","post","type-post","status-publish","format-standard","has-post-thumbnail","hentry","category-atacama"],"_links":{"self":[{"href":"https:\/\/www.radioamigavallenar.cl\/index.php?rest_route=\/wp\/v2\/posts\/35449","targetHints":{"allow":["GET"]}}],"collection":[{"href":"https:\/\/www.radioamigavallenar.cl\/index.php?rest_route=\/wp\/v2\/posts"}],"about":[{"href":"https:\/\/www.radioamigavallenar.cl\/index.php?rest_route=\/wp\/v2\/types\/post"}],"author":[{"embeddable":true,"href":"https:\/\/www.radioamigavallenar.cl\/index.php?rest_route=\/wp\/v2\/users\/2"}],"replies":[{"embeddable":true,"href":"https:\/\/www.radioamigavallenar.cl\/index.php?rest_route=%2Fwp%2Fv2%2Fcomments&post=35449"}],"version-history":[{"count":1,"href":"https:\/\/www.radioamigavallenar.cl\/index.php?rest_route=\/wp\/v2\/posts\/35449\/revisions"}],"predecessor-version":[{"id":35451,"href":"https:\/\/www.radioamigavallenar.cl\/index.php?rest_route=\/wp\/v2\/posts\/35449\/revisions\/35451"}],"wp:featuredmedia":[{"embeddable":true,"href":"https:\/\/www.radioamigavallenar.cl\/index.php?rest_route=\/wp\/v2\/media\/35450"}],"wp:attachment":[{"href":"https:\/\/www.radioamigavallenar.cl\/index.php?rest_route=%2Fwp%2Fv2%2Fmedia&parent=35449"}],"wp:term":[{"taxonomy":"category","embeddable":true,"href":"https:\/\/www.radioamigavallenar.cl\/index.php?rest_route=%2Fwp%2Fv2%2Fcategories&post=35449"},{"taxonomy":"post_tag","embeddable":true,"href":"https:\/\/www.radioamigavallenar.cl\/index.php?rest_route=%2Fwp%2Fv2%2Ftags&post=35449"}],"curies":[{"name":"wp","href":"https:\/\/api.w.org\/{rel}","templated":true}]}}