{"id":35447,"date":"2021-02-02T06:00:39","date_gmt":"2021-02-02T09:00:39","guid":{"rendered":"https:\/\/www.radioamigavallenar.cl\/?p=35447"},"modified":"2021-02-01T20:42:43","modified_gmt":"2021-02-01T23:42:43","slug":"plan-paso-a-paso-tierra-amarilla-a-cuarentena-huasco-y-freirina-retroceden-a-fase-2","status":"publish","type":"post","link":"https:\/\/www.radioamigavallenar.cl\/?p=35447","title":{"rendered":"Plan Paso a Paso: Tierra Amarilla a Cuarentena, Huasco y Freirina retroceden a fase 2"},"content":{"rendered":"<p style=\"text-align: center;\"><strong>Desde el jueves 4 de febrero a las 05 am<\/strong><span id=\"more-236181\"><\/span><\/p>\n<p>El Minsal inform\u00f3 ayer lunes, las novedades en el Plan Paso a Paso del Gobierno, dadas a conocer por la subsecretaria de Salud P\u00fablica, Paula Daza, quienes mencion\u00f3 en su informe que la comuna de Tierra Amarilla, retrocede a la fase 1 de Cuarentena total, a contar de este pr\u00f3ximo d\u00eda jueves a las 05 am.<\/p>\n<p>De igual manera inform\u00f3 que las comunas de Huasco y Freirina, retroceden a la fase 2 de transici\u00f3n desde el mismo d\u00eda jueves 4 de febrero a las 05 de la madrugada. De este modo solo Alto del Carmen se mantiene en fase 3, y el resto de las comunas de Atacama, en su mayor\u00eda se mantienen en la fase 2.<\/p>\n<p><img loading=\"lazy\" decoding=\"async\" class=\"alignnone size-full wp-image-236183 lazy-loaded\" src=\"https:\/\/www.maray.cl\/wp-content\/uploads\/2021\/02\/WhatsApp-Image-2021-02-01-at-13.45.57.jpeg\" sizes=\"auto, (max-width: 1080px) 100vw, 1080px\" srcset=\"https:\/\/www.maray.cl\/wp-content\/uploads\/2021\/02\/WhatsApp-Image-2021-02-01-at-13.45.57.jpeg 1080w, https:\/\/www.maray.cl\/wp-content\/uploads\/2021\/02\/WhatsApp-Image-2021-02-01-at-13.45.57-600x336.jpeg 600w, https:\/\/www.maray.cl\/wp-content\/uploads\/2021\/02\/WhatsApp-Image-2021-02-01-at-13.45.57-800x448.jpeg 800w, https:\/\/www.maray.cl\/wp-content\/uploads\/2021\/02\/WhatsApp-Image-2021-02-01-at-13.45.57-768x430.jpeg 768w\" alt=\"\" width=\"1080\" height=\"605\" data-lazy-type=\"image\" data-src=\"https:\/\/www.maray.cl\/wp-content\/uploads\/2021\/02\/WhatsApp-Image-2021-02-01-at-13.45.57.jpeg\" data-srcset=\"\" \/><\/p>\n","protected":false},"excerpt":{"rendered":"<p>Desde el jueves 4 de febrero a las 05 am El Minsal inform\u00f3 ayer lunes, las novedades en el Plan Paso a Paso del Gobierno,&hellip; <\/p>\n","protected":false},"author":2,"featured_media":28349,"comment_status":"open","ping_status":"closed","sticky":false,"template":"","format":"standard","meta":{"footnotes":""},"categories":[7],"tags":[],"class_list":["post-35447","post","type-post","status-publish","format-standard","has-post-thumbnail","hentry","category-atacama"],"_links":{"self":[{"href":"https:\/\/www.radioamigavallenar.cl\/index.php?rest_route=\/wp\/v2\/posts\/35447","targetHints":{"allow":["GET"]}}],"collection":[{"href":"https:\/\/www.radioamigavallenar.cl\/index.php?rest_route=\/wp\/v2\/posts"}],"about":[{"href":"https:\/\/www.radioamigavallenar.cl\/index.php?rest_route=\/wp\/v2\/types\/post"}],"author":[{"embeddable":true,"href":"https:\/\/www.radioamigavallenar.cl\/index.php?rest_route=\/wp\/v2\/users\/2"}],"replies":[{"embeddable":true,"href":"https:\/\/www.radioamigavallenar.cl\/index.php?rest_route=%2Fwp%2Fv2%2Fcomments&post=35447"}],"version-history":[{"count":1,"href":"https:\/\/www.radioamigavallenar.cl\/index.php?rest_route=\/wp\/v2\/posts\/35447\/revisions"}],"predecessor-version":[{"id":35448,"href":"https:\/\/www.radioamigavallenar.cl\/index.php?rest_route=\/wp\/v2\/posts\/35447\/revisions\/35448"}],"wp:featuredmedia":[{"embeddable":true,"href":"https:\/\/www.radioamigavallenar.cl\/index.php?rest_route=\/wp\/v2\/media\/28349"}],"wp:attachment":[{"href":"https:\/\/www.radioamigavallenar.cl\/index.php?rest_route=%2Fwp%2Fv2%2Fmedia&parent=35447"}],"wp:term":[{"taxonomy":"category","embeddable":true,"href":"https:\/\/www.radioamigavallenar.cl\/index.php?rest_route=%2Fwp%2Fv2%2Fcategories&post=35447"},{"taxonomy":"post_tag","embeddable":true,"href":"https:\/\/www.radioamigavallenar.cl\/index.php?rest_route=%2Fwp%2Fv2%2Ftags&post=35447"}],"curies":[{"name":"wp","href":"https:\/\/api.w.org\/{rel}","templated":true}]}}