{"id":35445,"date":"2021-02-02T06:00:44","date_gmt":"2021-02-02T09:00:44","guid":{"rendered":"https:\/\/www.radioamigavallenar.cl\/?p=35445"},"modified":"2021-02-01T20:41:25","modified_gmt":"2021-02-01T23:41:25","slug":"fiscalia-formalizo-a-mas-de-80-personas-por-incumplir-normas-de-salud-publica-en-atacama","status":"publish","type":"post","link":"https:\/\/www.radioamigavallenar.cl\/?p=35445","title":{"rendered":"Fiscal\u00eda formaliz\u00f3 a m\u00e1s de 80 personas por incumplir normas de salud p\u00fablica en Atacama"},"content":{"rendered":"<p><strong>Fiscal Regional, Alexis Rogat Lucero, indic\u00f3 que el Ministerio P\u00fablico est\u00e1 siendo inflexible en estos casos y pedir\u00e1 ante el Juzgado de Garant\u00eda las sanciones que la Ley establece.\u00a0<\/strong><strong>\u00a0<\/strong><span id=\"more-236221\"><\/span><\/p>\n<p>Tal y como lo hab\u00eda anunciado la semana reci\u00e9n pasada, la Fiscal\u00eda de Atacama, frente al aumento de casos de Covid 19 y la poca respuesta de la comunidad a las medidas preventivas adoptadas por la autoridad sanitaria, este fin de semana fueron detenidas y sometidas a la respectiva audiencia de control de detenci\u00f3n m\u00e1s de 75 personas en las distintas comunas de la regi\u00f3n.<\/p>\n<p>De acuerdo a lo informado por el fiscal regional de Atacama, Alexis Rogat Lucero, un total de 89 personas, fueron detenidas entre el pasado viernes y este domingo, luego de ser sorprendidas circulando en la v\u00eda p\u00fablica sin contar con los permisos respectivos.<\/p>\n<p>\u201cLa Fiscal\u00eda de Atacama lo inform\u00f3 oportunamente con la idea que la comunidad estuviera al tanto que el incumplimiento de las medidas sanitarias y de imposibilidad de circulaci\u00f3n involucra una infracci\u00f3n al Art\u00edculo 318 del C\u00f3digo Penal. Raz\u00f3n que lleva al Ministerio P\u00fablico a abrir una causa en contra de las personas que sean sorprendidas sin contar con las autorizaciones necesarias durante horario de toque de queda y los fines de semana para aquellas comunas en Fase 2 del Plan Paso a Paso y Fase 1 en el caso de la comuna de Diego de Almagro\u201d, dijo el fiscal.<\/p>\n<p>La autoridad record\u00f3 que de acuerdo a la Ley las sanciones establecidas por estos hechos, los infractores no contagiados arriesgan una pena de 61 d\u00edas a 3 a\u00f1os de c\u00e1rcel. Adem\u00e1s de una multa que parte en los 302 mil pesos y que se eleva a los 10 millones. Mientras que en caso de ser portador del virus la pena privativa de libertad inicia en los 541 d\u00edas y llega a los 5 a\u00f1os, mientras que respecto de la multa \u00e9sta va del mill\u00f3n 259 mil pesos y llega a los 12 millones 590 mil pesos.<\/p>\n<p>Finalmente, Alexis Rogat Lucero reiter\u00f3 el llamado a la comunidad regional para cumplir con las disposiciones sanitarias y as\u00ed evitar exponerse a una investigaci\u00f3n penal por este tipo de acciones que, adem\u00e1s, ponen el riesgo la salud de ellos, de sus familias y de toda la poblaci\u00f3n.<\/p>\n","protected":false},"excerpt":{"rendered":"<p>Fiscal Regional, Alexis Rogat Lucero, indic\u00f3 que el Ministerio P\u00fablico est\u00e1 siendo inflexible en estos casos y pedir\u00e1 ante el Juzgado de Garant\u00eda las sanciones&hellip; <\/p>\n","protected":false},"author":2,"featured_media":26536,"comment_status":"open","ping_status":"closed","sticky":false,"template":"","format":"standard","meta":{"footnotes":""},"categories":[7],"tags":[],"class_list":["post-35445","post","type-post","status-publish","format-standard","has-post-thumbnail","hentry","category-atacama"],"_links":{"self":[{"href":"https:\/\/www.radioamigavallenar.cl\/index.php?rest_route=\/wp\/v2\/posts\/35445","targetHints":{"allow":["GET"]}}],"collection":[{"href":"https:\/\/www.radioamigavallenar.cl\/index.php?rest_route=\/wp\/v2\/posts"}],"about":[{"href":"https:\/\/www.radioamigavallenar.cl\/index.php?rest_route=\/wp\/v2\/types\/post"}],"author":[{"embeddable":true,"href":"https:\/\/www.radioamigavallenar.cl\/index.php?rest_route=\/wp\/v2\/users\/2"}],"replies":[{"embeddable":true,"href":"https:\/\/www.radioamigavallenar.cl\/index.php?rest_route=%2Fwp%2Fv2%2Fcomments&post=35445"}],"version-history":[{"count":1,"href":"https:\/\/www.radioamigavallenar.cl\/index.php?rest_route=\/wp\/v2\/posts\/35445\/revisions"}],"predecessor-version":[{"id":35446,"href":"https:\/\/www.radioamigavallenar.cl\/index.php?rest_route=\/wp\/v2\/posts\/35445\/revisions\/35446"}],"wp:featuredmedia":[{"embeddable":true,"href":"https:\/\/www.radioamigavallenar.cl\/index.php?rest_route=\/wp\/v2\/media\/26536"}],"wp:attachment":[{"href":"https:\/\/www.radioamigavallenar.cl\/index.php?rest_route=%2Fwp%2Fv2%2Fmedia&parent=35445"}],"wp:term":[{"taxonomy":"category","embeddable":true,"href":"https:\/\/www.radioamigavallenar.cl\/index.php?rest_route=%2Fwp%2Fv2%2Fcategories&post=35445"},{"taxonomy":"post_tag","embeddable":true,"href":"https:\/\/www.radioamigavallenar.cl\/index.php?rest_route=%2Fwp%2Fv2%2Ftags&post=35445"}],"curies":[{"name":"wp","href":"https:\/\/api.w.org\/{rel}","templated":true}]}}