{"id":35443,"date":"2021-02-02T06:00:46","date_gmt":"2021-02-02T09:00:46","guid":{"rendered":"https:\/\/www.radioamigavallenar.cl\/?p=35443"},"modified":"2021-02-01T20:40:30","modified_gmt":"2021-02-01T23:40:30","slug":"lanzan-consulta-indigena-de-la-norma-secundaria-para-la-proteccion-del-rio-huasco","status":"publish","type":"post","link":"https:\/\/www.radioamigavallenar.cl\/?p=35443","title":{"rendered":"Lanzan \u201cConsulta Ind\u00edgena\u201d de la Norma Secundaria para la protecci\u00f3n del rio Huasco."},"content":{"rendered":"<p>Con reuniones de planificaci\u00f3n se iniciar\u00e1 la Consulta Ind\u00edgena y ser\u00e1n convocadas las comunidades que habitan en el territorio de la cuenca del rio Huasco<\/p>\n<p>La Seremi del Medio Ambiente de Atacama inform\u00f3 que el 26 de enero de 2021 ha sido publicada en el Diario Oficial la Resoluci\u00f3n Exenta N\u00b0 024 del 11 de enero de 2021, que dispone la realizaci\u00f3n de un proceso de Consulta Ind\u00edgena en el marco de la elaboraci\u00f3n de las Normas Secundarias de Calidad Ambiental para la protecci\u00f3n de las aguas continentales superficiales de la Cuenca del R\u00edo Huasco.<\/p>\n<p>El proceso de la Consulta Ind\u00edgena, se dar\u00e1 inicio mediante la convocatoria a la reuni\u00f3n de planificaci\u00f3n del proceso. De esta forma, ser\u00e1n convocados a participar las personas pertenecientes a los pueblos ind\u00edgenas que habitan el territorio de la cuenca del r\u00edo Huasco resguardando todas las medidas sanitarias y protocolos de aforo de personas seg\u00fan lo indicado en el Plan Paso a Paso establecido producto de la pandemia del COVID- 19 que afecta al pa\u00eds.<\/p>\n<p>En esa l\u00ednea el Seremi del Medio Ambiente, Guillermo Ready formul\u00f3 un llamado a las comunidades ind\u00edgenas de la cuenca del r\u00edo Huasco para que participen en el proceso por la importancia que reviste la cuenca del r\u00edo Huasco, que incluye ecosistemas de gran valor ecol\u00f3gico, prestando importantes servicios ecosist\u00e9micos a los diferentes actores que all\u00ed habitan o desarrollan sus actividades productivas\u201d.<\/p>\n<p>El Seremi Ready agreg\u00f3 que \u201cen el anteproyecto se han definido 17 \u00e1reas de vigilancia, lo que quiere decir, que los par\u00e1metros normados, deber\u00e1n ser monitoreados en esas 17 zonas y deber\u00e1n cumplir con los valores l\u00edmites definidos. Las \u00e1reas de vigilancia definidas cubren toda la superficie de la cuenca del r\u00edo Huasco, desde las zonas de cabecera de cuenca o inicio del r\u00edo en la cordillera, como el r\u00edo Valeriano o el r\u00edo Potrerillos, hasta su desembocadura en Huasco\u201d.<\/p>\n<p>Los canales de comunicaci\u00f3n oficial son:\u00a0Oficina de Gesti\u00f3n Territorial de la Gobernaci\u00f3n Provincial de Huasco, ubicada en Plaza de Armas S\/N\u00b0, Vallenar los martes y jueves de 10:30 a 13:00 horas, oficina de partes de la Seremi de Atacama, ubicada en Portales N\u00ba 830, Copiap\u00f3, de lunes a viernes de 8:30 a 13:00 horas y quienes est\u00e9n interesados en conocer el Anteproyecto y la programaci\u00f3n de actividades. M\u00e1s informaci\u00f3n en los tel\u00e9fonos (56 52) 2532862: OIRS (56 52) 235 2853<\/p>\n<p>Correo electr\u00f3nico\u00a0<a href=\"mailto:consultaindigenanormahuasco@mma.gob.cl\">consultaindigenanormahuasco@mma.gob.cl<\/a>, o a trav\u00e9s de la p\u00e1gina web\u00a0<strong>https:\/\/consultaindigena.mma.gob.cl\/<\/strong><\/p>\n<p>Las observaciones se recibir\u00e1n de manera escrita en la oficina de partes de la Seremi de la Regi\u00f3n de Atacama o del Ministerio de Medio Ambiente y o en formato digital en la p\u00e1gina web se\u00f1alada.<\/p>\n","protected":false},"excerpt":{"rendered":"<p>Con reuniones de planificaci\u00f3n se iniciar\u00e1 la Consulta Ind\u00edgena y ser\u00e1n convocadas las comunidades que habitan en el territorio de la cuenca del rio Huasco&hellip; <\/p>\n","protected":false},"author":2,"featured_media":32778,"comment_status":"open","ping_status":"closed","sticky":false,"template":"","format":"standard","meta":{"footnotes":""},"categories":[7],"tags":[],"class_list":["post-35443","post","type-post","status-publish","format-standard","has-post-thumbnail","hentry","category-atacama"],"_links":{"self":[{"href":"https:\/\/www.radioamigavallenar.cl\/index.php?rest_route=\/wp\/v2\/posts\/35443","targetHints":{"allow":["GET"]}}],"collection":[{"href":"https:\/\/www.radioamigavallenar.cl\/index.php?rest_route=\/wp\/v2\/posts"}],"about":[{"href":"https:\/\/www.radioamigavallenar.cl\/index.php?rest_route=\/wp\/v2\/types\/post"}],"author":[{"embeddable":true,"href":"https:\/\/www.radioamigavallenar.cl\/index.php?rest_route=\/wp\/v2\/users\/2"}],"replies":[{"embeddable":true,"href":"https:\/\/www.radioamigavallenar.cl\/index.php?rest_route=%2Fwp%2Fv2%2Fcomments&post=35443"}],"version-history":[{"count":1,"href":"https:\/\/www.radioamigavallenar.cl\/index.php?rest_route=\/wp\/v2\/posts\/35443\/revisions"}],"predecessor-version":[{"id":35444,"href":"https:\/\/www.radioamigavallenar.cl\/index.php?rest_route=\/wp\/v2\/posts\/35443\/revisions\/35444"}],"wp:featuredmedia":[{"embeddable":true,"href":"https:\/\/www.radioamigavallenar.cl\/index.php?rest_route=\/wp\/v2\/media\/32778"}],"wp:attachment":[{"href":"https:\/\/www.radioamigavallenar.cl\/index.php?rest_route=%2Fwp%2Fv2%2Fmedia&parent=35443"}],"wp:term":[{"taxonomy":"category","embeddable":true,"href":"https:\/\/www.radioamigavallenar.cl\/index.php?rest_route=%2Fwp%2Fv2%2Fcategories&post=35443"},{"taxonomy":"post_tag","embeddable":true,"href":"https:\/\/www.radioamigavallenar.cl\/index.php?rest_route=%2Fwp%2Fv2%2Ftags&post=35443"}],"curies":[{"name":"wp","href":"https:\/\/api.w.org\/{rel}","templated":true}]}}