{"id":35441,"date":"2021-02-01T12:47:49","date_gmt":"2021-02-01T15:47:49","guid":{"rendered":"https:\/\/www.radioamigavallenar.cl\/?p=35441"},"modified":"2021-02-01T12:47:49","modified_gmt":"2021-02-01T15:47:49","slug":"vecinos-del-sector-el-jilguero-contaran-con-luz-electrica-luego-de-20-anos","status":"publish","type":"post","link":"https:\/\/www.radioamigavallenar.cl\/?p=35441","title":{"rendered":"Vecinos del sector el Jilguero contar\u00e1n con luz el\u00e9ctrica luego de 20 a\u00f1os"},"content":{"rendered":"<p>Una gran noticia recibieron los vecinos del sector El Jilguero segunda Etapa, luego de 20 a\u00f1os esperando una soluci\u00f3n a la problem\u00e1tica de la luz el\u00e9ctrica.<\/p>\n<p>El alcalde de Vallenar V\u00edctor Isla Lutz, anunci\u00f3 la semana reci\u00e9n pasada, la electrificaci\u00f3n de este sector, lo que beneficiar\u00e1 a alrededor de 35 familias Vallenarinas, esto, a trav\u00e9s del trabajo colaborativo entre el Consejo Regional, la Ilustre Municipalidad de Vallenar y la comunidad organizada.<\/p>\n<p>En la oportunidad, el Alcalde Isla, agradeci\u00f3 la voluntad de la empresa privada CGE a trav\u00e9s de Luis Concha y se\u00f1al\u00f3 que, adem\u00e1s, apoyar\u00e1n a las familias en el proceso de obtenci\u00f3n de t\u00edtulo de dominio. \u201cComo municipio trataremos de acelerar los procesos\u2026 sabemos que las familias llevan muchos a\u00f1os en b\u00fasqueda de soluciones y hoy, a trav\u00e9s del trabajo colaborativo y de la mano con los vecinos del sector, las autoridades y la empresa privada, concretamos este gran sue\u00f1o\u201d se\u00f1al\u00f3 el Alcalde de la comuna de Vallenar V\u00edctor isla Lutz.<\/p>\n<p>Estos trabajos comenzar\u00e1n durante el mes de febrero, con los estudios para empalmes TE1, necesario para llegar con electrificaci\u00f3n a las viviendas.<\/p>\n<p>Finalmente, desde el municipio local, se\u00f1alaron que existe el \u00e1nimo de seguir colaborando y ayudando a los vecinos, especialmente en lo que respecta a suministros b\u00e1sicos como la luz y el agua.<\/p>\n","protected":false},"excerpt":{"rendered":"<p>Una gran noticia recibieron los vecinos del sector El Jilguero segunda Etapa, luego de 20 a\u00f1os esperando una soluci\u00f3n a la problem\u00e1tica de la luz&hellip; <\/p>\n","protected":false},"author":2,"featured_media":32100,"comment_status":"open","ping_status":"closed","sticky":false,"template":"","format":"standard","meta":{"footnotes":""},"categories":[7],"tags":[],"class_list":["post-35441","post","type-post","status-publish","format-standard","has-post-thumbnail","hentry","category-atacama"],"_links":{"self":[{"href":"https:\/\/www.radioamigavallenar.cl\/index.php?rest_route=\/wp\/v2\/posts\/35441","targetHints":{"allow":["GET"]}}],"collection":[{"href":"https:\/\/www.radioamigavallenar.cl\/index.php?rest_route=\/wp\/v2\/posts"}],"about":[{"href":"https:\/\/www.radioamigavallenar.cl\/index.php?rest_route=\/wp\/v2\/types\/post"}],"author":[{"embeddable":true,"href":"https:\/\/www.radioamigavallenar.cl\/index.php?rest_route=\/wp\/v2\/users\/2"}],"replies":[{"embeddable":true,"href":"https:\/\/www.radioamigavallenar.cl\/index.php?rest_route=%2Fwp%2Fv2%2Fcomments&post=35441"}],"version-history":[{"count":1,"href":"https:\/\/www.radioamigavallenar.cl\/index.php?rest_route=\/wp\/v2\/posts\/35441\/revisions"}],"predecessor-version":[{"id":35442,"href":"https:\/\/www.radioamigavallenar.cl\/index.php?rest_route=\/wp\/v2\/posts\/35441\/revisions\/35442"}],"wp:featuredmedia":[{"embeddable":true,"href":"https:\/\/www.radioamigavallenar.cl\/index.php?rest_route=\/wp\/v2\/media\/32100"}],"wp:attachment":[{"href":"https:\/\/www.radioamigavallenar.cl\/index.php?rest_route=%2Fwp%2Fv2%2Fmedia&parent=35441"}],"wp:term":[{"taxonomy":"category","embeddable":true,"href":"https:\/\/www.radioamigavallenar.cl\/index.php?rest_route=%2Fwp%2Fv2%2Fcategories&post=35441"},{"taxonomy":"post_tag","embeddable":true,"href":"https:\/\/www.radioamigavallenar.cl\/index.php?rest_route=%2Fwp%2Fv2%2Ftags&post=35441"}],"curies":[{"name":"wp","href":"https:\/\/api.w.org\/{rel}","templated":true}]}}