{"id":35438,"date":"2021-02-01T12:21:43","date_gmt":"2021-02-01T15:21:43","guid":{"rendered":"https:\/\/www.radioamigavallenar.cl\/?p=35438"},"modified":"2021-02-01T12:21:43","modified_gmt":"2021-02-01T15:21:43","slug":"industria-minera-sumara-15-plantas-desaladoras-de-aqui-a-2028-y-uso-de-agua-de-mar-casi-igualara-al-del-agua-continental-en-una-decada","status":"publish","type":"post","link":"https:\/\/www.radioamigavallenar.cl\/?p=35438","title":{"rendered":"Industria minera sumar\u00e1 15 plantas desaladoras de aqu\u00ed a 2028 y uso de agua de mar casi igualar\u00e1 al del agua continental en una d\u00e9cada"},"content":{"rendered":"<p class=\"v1MsoNormal\"><b>Actualmente el sector tiene 8 desaladoras y 3 Sistemas de Impulsi\u00f3n de agua de mar que ya est\u00e1n funcionando en el pa\u00eds, las que representan el 25% del agua fresca no recirculada que usa la industria del cobre.<\/b><span id=\"more-133814\"><\/span><\/p>\n<p class=\"v1MsoNormal\">El agua de mar sigue ganando espacio en la industria minera de la mano de los desaf\u00edos medioambientales que tiene el sector y del alto inter\u00e9s de las empresas por invertir para hacer m\u00e1s eficientes sus procesos. Esto se ve reflejado en los 15 proyectos en carpeta de plantas desaladoras y\/o Sistemas de Impulsi\u00f3n de Agua de Mar (uso directo sin desalar) que estar\u00e1n operando en el pa\u00eds de aqu\u00ed a 2028.<\/p>\n<p class=\"v1MsoNormal\">La informaci\u00f3n fue levantada por el Departamento de Gesti\u00f3n de Proyectos del Ministerio de Miner\u00eda a partir de un informe elaborado por Cochilco, donde se destaca que, sumando las 15 iniciativas nuevas y los 11 proyectos de suministro de agua mar, tanto desalada como de uso directo que ya est\u00e1n en funcionamiento en el pa\u00eds, en el plazo de una d\u00e9cada la miner\u00eda del cobre va a equiparar casi en partes iguales el consumo de agua continental y el de agua de mar. Es decir, hacia 2031 un 53% de los recursos h\u00eddricos que se usar\u00e1n en miner\u00eda provendr\u00e1n de agua continental y un 47% del mar.<\/p>\n<p class=\"v1MsoNormal\">El biministro de Energ\u00eda y Miner\u00eda, Juan Carlos Jobet, explic\u00f3 que \u201ctener una cartera de proyectos de desaladoras que duplicar\u00e1 la operaci\u00f3n actual va en l\u00ednea con las metas del Gobierno y los esfuerzos de la propia industria minera de promover el uso eficiente de los recursos, empujar la innovaci\u00f3n en las empresas del sector y el desarrollo de las inversiones de manera responsable con el cuidado del medioambiente y con el entorno donde se emplazan los proyectos\u201d.<\/p>\n<p class=\"v1MsoNormal\">De los 11 sistemas de suministro de agua de mar que actualmente est\u00e1n funcionando en el pa\u00eds, 8 son desaladoras y 3 corresponden a Sistemas de Impulsi\u00f3n de agua de mar, los que en conjunto representan el 25% del agua fresca no recirculada que usa la industria del cobre.<\/p>\n<p class=\"v1MsoNormal\">Hacia 2031 la Regi\u00f3n de Antofagasta liderar\u00e1 la cantidad de plantas desaladoras en el pa\u00eds, las que abastecer\u00e1n el 66% del consumo de la industria del cobre en esa regi\u00f3n. Le seguir\u00e1n Atacama, con un consumo de 16%; Tarapac\u00e1, con el 14%, y Coquimbo, con un 4% de su consumo de agua proveniente del mar.<\/p>\n<p class=\"v1MsoNormal\">Entre los 15 proyectos de desaladoras que est\u00e1n en carpeta destacan el proyecto de infraestructura complementaria INCO, que la empresa Antofagasta Minerals construye en Coquimbo y que incluye una tuber\u00eda de 150 km de longitud para transporte de agua; la Planta Desaladora Distrito Norte de Codelco en Antofagasta; Quebrada Blanca Hip\u00f3genos de Teck en Tarapac\u00e1, y el proyecto Santo Domingo de Capstone Mining en Atacama.<\/p>\n","protected":false},"excerpt":{"rendered":"<p>Actualmente el sector tiene 8 desaladoras y 3 Sistemas de Impulsi\u00f3n de agua de mar que ya est\u00e1n funcionando en el pa\u00eds, las que representan&hellip; <\/p>\n","protected":false},"author":2,"featured_media":35439,"comment_status":"open","ping_status":"closed","sticky":false,"template":"","format":"standard","meta":{"footnotes":""},"categories":[38],"tags":[],"class_list":["post-35438","post","type-post","status-publish","format-standard","has-post-thumbnail","hentry","category-portada-regional"],"_links":{"self":[{"href":"https:\/\/www.radioamigavallenar.cl\/index.php?rest_route=\/wp\/v2\/posts\/35438","targetHints":{"allow":["GET"]}}],"collection":[{"href":"https:\/\/www.radioamigavallenar.cl\/index.php?rest_route=\/wp\/v2\/posts"}],"about":[{"href":"https:\/\/www.radioamigavallenar.cl\/index.php?rest_route=\/wp\/v2\/types\/post"}],"author":[{"embeddable":true,"href":"https:\/\/www.radioamigavallenar.cl\/index.php?rest_route=\/wp\/v2\/users\/2"}],"replies":[{"embeddable":true,"href":"https:\/\/www.radioamigavallenar.cl\/index.php?rest_route=%2Fwp%2Fv2%2Fcomments&post=35438"}],"version-history":[{"count":1,"href":"https:\/\/www.radioamigavallenar.cl\/index.php?rest_route=\/wp\/v2\/posts\/35438\/revisions"}],"predecessor-version":[{"id":35440,"href":"https:\/\/www.radioamigavallenar.cl\/index.php?rest_route=\/wp\/v2\/posts\/35438\/revisions\/35440"}],"wp:featuredmedia":[{"embeddable":true,"href":"https:\/\/www.radioamigavallenar.cl\/index.php?rest_route=\/wp\/v2\/media\/35439"}],"wp:attachment":[{"href":"https:\/\/www.radioamigavallenar.cl\/index.php?rest_route=%2Fwp%2Fv2%2Fmedia&parent=35438"}],"wp:term":[{"taxonomy":"category","embeddable":true,"href":"https:\/\/www.radioamigavallenar.cl\/index.php?rest_route=%2Fwp%2Fv2%2Fcategories&post=35438"},{"taxonomy":"post_tag","embeddable":true,"href":"https:\/\/www.radioamigavallenar.cl\/index.php?rest_route=%2Fwp%2Fv2%2Ftags&post=35438"}],"curies":[{"name":"wp","href":"https:\/\/api.w.org\/{rel}","templated":true}]}}